{"id":8380,"date":"2024-11-18T18:40:22","date_gmt":"2024-11-18T18:40:22","guid":{"rendered":"https:\/\/monsieur-prevention.com\/?p=8380"},"modified":"2026-01-18T19:23:00","modified_gmt":"2026-01-18T19:23:00","slug":"warum-diese-explosionsartige-zunahme-an-selbstmorden-unter-teenagern","status":"publish","type":"post","link":"https:\/\/monsieur-prevention.com\/de\/explosion-de-suicides-chez-les-ados-pourquoi\/","title":{"rendered":"Explosion der Selbstmordrate unter Teenagern: Warum?"},"content":{"rendered":"<p data-start=\"87\" data-end=\"319\">Dieses Video analysiert eine besonders besorgniserregende Entwicklung im Bereich der psychischen Gesundheit von Jugendlichen in Frankreich: den deutlichen Anstieg von Suizidverhalten, insbesondere bei den J\u00fcngsten und ganz besonders bei M\u00e4dchen.<\/p>\n<p data-start=\"321\" data-end=\"941\">Sie beginnt mit dem Hinweis auf eine oft untersch\u00e4tzte Tatsache. Vor etwa zehn Jahren gaben rund 3 % der 17-J\u00e4hrigen an, bereits einen Suizidversuch unternommen zu haben, und fast jeder zehnte Jugendliche sagte, im vergangenen Jahr an Selbstmord gedacht zu haben. Heute haben sich diese Zahlen verschlechtert. Entgegen dem oft mit Selbstmord verbundenen Bild \u2013 dem eines Erwachsenen in beruflichen, finanziellen oder famili\u00e4ren Schwierigkeiten \u2013 betrifft Selbstmord auch junge Menschen massiv. In Frankreich stellt er die h\u00e4ufigste Suizidrate dar. <strong data-start=\"851\" data-end=\"901\">zweith\u00e4ufigste Todesursache bei 15- bis 24-J\u00e4hrigen<\/strong>, direkt nach den Verkehrsunf\u00e4llen.<\/p>\n<p data-start=\"943\" data-end=\"1325\">Das Video beleuchtet ein noch alarmierenderes Ph\u00e4nomen: das Auftreten von Suizidverhalten bei immer j\u00fcngeren Teenagern. Laut Daten von Public Health France hat das Suizidverhalten bei M\u00e4dchen im Alter von 10 bis 15 Jahren zugenommen. <strong data-start=\"1206\" data-end=\"1226\">erh\u00f6ht um 40 %<\/strong> in den letzten Jahren. Diese rasante Entwicklung wirft Fragen auf und erfordert eine Analyse der beteiligten Faktoren.<\/p>\n<p data-start=\"1327\" data-end=\"1730\">Mehrere Ursachen kommen zusammen. Die erste betrifft die <strong data-start=\"1382\" data-end=\"1414\">Schul- und sozialer Druck<\/strong>. Die Erwartungen an akademischen Erfolg und der Zwang, den von sozialen Medien propagierten Perfektionsstandards zu entsprechen, erzeugen enormen Stress. F\u00fcr manche besonders sensible junge Frauen kann dieser Druck erdr\u00fcckend werden und zu einem tiefen Gef\u00fchl des Versagens oder der Unzul\u00e4nglichkeit f\u00fchren.<\/p>\n<p data-start=\"1732\" data-end=\"2249\">Das Video hebt anschlie\u00dfend die zentrale Rolle von hervor <strong data-start=\"1778\" data-end=\"1814\">Umbr\u00fcche der Adoleszenz<\/strong>. K\u00f6rperliche, hormonelle und emotionale Ver\u00e4nderungen gehen mitunter mit einem Gef\u00fchl der Orientierungslosigkeit einher. In diesem Alter treten auch erste Anzeichen psychischer Probleme wie Angstzust\u00e4nde oder Depressionen auf. Diese Anzeichen \u2013 Reizbarkeit, R\u00fcckzug, Leistungsabfall in der Schule \u2013 werden jedoch immer noch allzu oft abgetan oder als blo\u00dfe \u00abPhasen\u00bb interpretiert, obwohl sie in Wirklichkeit echte Hilferufe sein k\u00f6nnen.<\/p>\n<p data-start=\"2251\" data-end=\"2597\">Auch das famili\u00e4re Umfeld spielt eine entscheidende Rolle. Konflikte zwischen den Eltern, Gewalt, Vernachl\u00e4ssigung oder mangelnde emotionale Unterst\u00fctzung k\u00f6nnen die psychische Belastung von Jugendlichen verschlimmern. Wenn diese Schwierigkeiten durch Mobbing in der Schule oder Cybermobbing noch verst\u00e4rkt werden, kann die Situation schnell unertr\u00e4glich werden.<\/p>\n<p data-start=\"2599\" data-end=\"3055\">Das Video hebt auch die gravierenden Auswirkungen hervor. <strong data-start=\"2642\" data-end=\"2687\">Lockdown im Zusammenhang mit der COVID-19-Pandemie<\/strong>. Soziale Isolation, der Zerfall von Freundschaften und der Wegfall von Freizeitaktivit\u00e4ten haben viele junge Menschen in einem Alter, in dem soziale Interaktion unerl\u00e4sslich ist, besonders gef\u00e4hrdet. Soziale Medien, die diese Isolation mitunter ausgleichen sollten, haben den Druck oft noch versch\u00e4rft, insbesondere durch die Konfrontation mit unerreichbaren Vorbildern oder Cybermobbing.<\/p>\n<p data-start=\"3057\" data-end=\"3367\">Zus\u00e4tzlich zu diesen Faktoren besteht ein strukturelles Problem: <strong data-start=\"3109\" data-end=\"3154\">Mangelnder Zugang zu psychischer Gesundheitsversorgung<\/strong>. Viele Teenager wissen nicht, an wen sie sich wenden sollen, und diejenigen, die um Hilfe bitten, sto\u00dfen manchmal auf sehr lange Wartezeiten und \u00fcberf\u00fcllte Einrichtungen, was ihr Gef\u00fchl der Verlassenheit noch verst\u00e4rkt.<\/p>\n<p data-start=\"3369\" data-end=\"3751\">Angesichts dieser Situation hebt das Video mehrere Pr\u00e4ventivma\u00dfnahmen hervor. Es ist unerl\u00e4sslich zu lernen, <strong data-start=\"3473\" data-end=\"3507\">Anzeichen von Belastung erkennen<\/strong> insbesondere bei Jugendlichen und um Verhaltens\u00e4nderungen ernst zu nehmen. Erste-Hilfe-Schulungen f\u00fcr psychische Gesundheit erm\u00f6glichen es, in kurzer Zeit konkrete F\u00e4higkeiten zu erwerben, um junge Menschen zu geeigneter Hilfe zu f\u00fchren.<\/p>\n<p data-start=\"3753\" data-end=\"4197\">Schutz umfasst auch... <strong data-start=\"3787\" data-end=\"3851\">Regulierung der Nutzung von Bildschirmen und sozialen Netzwerken<\/strong>, insbesondere bei j\u00fcngeren Menschen sowie durch die Entwicklung von <strong data-start=\"3920\" data-end=\"3950\">psychosoziale Kompetenzen<\/strong>, diese Ma\u00dfnahmen helfen Kindern und Jugendlichen, ihre Emotionen und ihren Stress besser zu bew\u00e4ltigen. Langfristig stellt die St\u00e4rkung der Ressourcen f\u00fcr die psychische Gesundheit junger Menschen und die Ausbildung weiterer Fachkr\u00e4fte eine gro\u00dfe Herausforderung f\u00fcr die \u00f6ffentliche Gesundheit dar.<\/p>","protected":false},"excerpt":{"rendered":"<p>Cette vid\u00e9o analyse une \u00e9volution particuli\u00e8rement pr\u00e9occupante de la sant\u00e9 mentale des adolescents en France\u202f: l\u2019augmentation marqu\u00e9e des comportements suicidaires, notamment chez les plus [&hellip;]<\/p>\n","protected":false},"author":1,"featured_media":8449,"comment_status":"closed","ping_status":"closed","sticky":false,"template":"","format":"standard","meta":{"_acf_changed":false,"footnotes":""},"categories":[278,312,270],"tags":[315,314,295,289,313],"class_list":["post-8380","post","type-post","status-publish","format-standard","has-post-thumbnail","hentry","category-parentalite","category-sante","category-societe","tag-adolescents","tag-comportements-suicidaires","tag-prevention","tag-sante-mentale","tag-suicide-adolescent"],"acf":{"choi\u0441e_menu_page":"global_settings","full_width":false,"header_transparent":false,"header_white":false,"menu_align_page":"default","menu_style":""},"yoast_head":"<!-- This site is optimized with the Yoast SEO plugin v27.5 - https:\/\/yoast.com\/product\/yoast-seo-wordpress\/ -->\n<title>Explosion de suicides chez les ados\u00a0: pourquoi ? - Parentalit\u00e9, Sant\u00e9, Soci\u00e9t\u00e9 - Monsieur Pr\u00e9vention<\/title>\n<meta name=\"description\" content=\"Des r\u00e9ponses concr\u00e8tes aux enjeux de la pr\u00e9vention des violences\" \/>\n<meta name=\"robots\" content=\"index, follow, max-snippet:-1, max-image-preview:large, max-video-preview:-1\" \/>\n<link rel=\"canonical\" href=\"https:\/\/monsieur-prevention.com\/de\/warum-diese-explosionsartige-zunahme-an-selbstmorden-unter-teenagern\/\" \/>\n<meta property=\"og:locale\" content=\"de_DE\" \/>\n<meta property=\"og:type\" content=\"article\" \/>\n<meta property=\"og:title\" content=\"Explosion de suicides chez les ados\u00a0: pourquoi ? - Parentalit\u00e9, Sant\u00e9, Soci\u00e9t\u00e9 - Monsieur Pr\u00e9vention\" \/>\n<meta property=\"og:description\" content=\"Des r\u00e9ponses concr\u00e8tes aux enjeux de la pr\u00e9vention des violences\" \/>\n<meta property=\"og:url\" content=\"https:\/\/monsieur-prevention.com\/de\/warum-diese-explosionsartige-zunahme-an-selbstmorden-unter-teenagern\/\" \/>\n<meta property=\"og:site_name\" content=\"Monsieur Pr\u00e9vention\" \/>\n<meta property=\"article:published_time\" content=\"2024-11-18T18:40:22+00:00\" \/>\n<meta property=\"article:modified_time\" content=\"2026-01-18T19:23:00+00:00\" \/>\n<meta property=\"og:image\" content=\"https:\/\/monsieur-prevention.com\/wp-content\/uploads\/2024\/11\/maxresdefault-3.jpg\" \/>\n\t<meta property=\"og:image:width\" content=\"1280\" \/>\n\t<meta property=\"og:image:height\" content=\"720\" \/>\n\t<meta property=\"og:image:type\" content=\"image\/jpeg\" \/>\n<meta name=\"author\" content=\"S\u00e9bastien Brochot\" \/>\n<meta name=\"twitter:card\" content=\"summary_large_image\" \/>\n<meta name=\"twitter:creator\" content=\"@SBrochot\" \/>\n<meta name=\"twitter:site\" content=\"@SBrochot\" \/>\n<meta name=\"twitter:label1\" content=\"Verfasst von\" \/>\n\t<meta name=\"twitter:data1\" content=\"S\u00e9bastien Brochot\" \/>\n\t<meta name=\"twitter:label2\" content=\"Gesch\u00e4tzte Lesezeit\" \/>\n\t<meta name=\"twitter:data2\" content=\"4\u00a0Minuten\" \/>\n<script type=\"application\/ld+json\" class=\"yoast-schema-graph\">{\"@context\":\"https:\\\/\\\/schema.org\",\"@graph\":[{\"@type\":\"Article\",\"@id\":\"https:\\\/\\\/monsieur-prevention.com\\\/explosion-de-suicides-chez-les-ados-pourquoi\\\/#article\",\"isPartOf\":{\"@id\":\"https:\\\/\\\/monsieur-prevention.com\\\/explosion-de-suicides-chez-les-ados-pourquoi\\\/\"},\"author\":{\"name\":\"S\u00e9bastien Brochot\",\"@id\":\"https:\\\/\\\/monsieur-prevention.com\\\/#\\\/schema\\\/person\\\/a98adec1ea87e537031f136cbe7ad955\"},\"headline\":\"Explosion de suicides chez les ados\u00a0: pourquoi\u202f?\",\"datePublished\":\"2024-11-18T18:40:22+00:00\",\"dateModified\":\"2026-01-18T19:23:00+00:00\",\"mainEntityOfPage\":{\"@id\":\"https:\\\/\\\/monsieur-prevention.com\\\/explosion-de-suicides-chez-les-ados-pourquoi\\\/\"},\"wordCount\":688,\"publisher\":{\"@id\":\"https:\\\/\\\/monsieur-prevention.com\\\/#\\\/schema\\\/person\\\/a98adec1ea87e537031f136cbe7ad955\"},\"image\":{\"@id\":\"https:\\\/\\\/monsieur-prevention.com\\\/explosion-de-suicides-chez-les-ados-pourquoi\\\/#primaryimage\"},\"thumbnailUrl\":\"https:\\\/\\\/monsieur-prevention.com\\\/wp-content\\\/uploads\\\/2024\\\/11\\\/maxresdefault-3.jpg\",\"keywords\":[\"adolescents\",\"comportements suicidaires\",\"pr\u00e9vention\",\"sant\u00e9 mentale\",\"suicide adolescent\"],\"articleSection\":[\"Parentalit\u00e9\",\"Sant\u00e9\",\"Soci\u00e9t\u00e9\"],\"inLanguage\":\"de\"},{\"@type\":\"WebPage\",\"@id\":\"https:\\\/\\\/monsieur-prevention.com\\\/explosion-de-suicides-chez-les-ados-pourquoi\\\/\",\"url\":\"https:\\\/\\\/monsieur-prevention.com\\\/explosion-de-suicides-chez-les-ados-pourquoi\\\/\",\"name\":\"Explosion de suicides chez les ados\u00a0: pourquoi ? - Parentalit\u00e9, Sant\u00e9, Soci\u00e9t\u00e9 - Monsieur Pr\u00e9vention\",\"isPartOf\":{\"@id\":\"https:\\\/\\\/monsieur-prevention.com\\\/#website\"},\"primaryImageOfPage\":{\"@id\":\"https:\\\/\\\/monsieur-prevention.com\\\/explosion-de-suicides-chez-les-ados-pourquoi\\\/#primaryimage\"},\"image\":{\"@id\":\"https:\\\/\\\/monsieur-prevention.com\\\/explosion-de-suicides-chez-les-ados-pourquoi\\\/#primaryimage\"},\"thumbnailUrl\":\"https:\\\/\\\/monsieur-prevention.com\\\/wp-content\\\/uploads\\\/2024\\\/11\\\/maxresdefault-3.jpg\",\"datePublished\":\"2024-11-18T18:40:22+00:00\",\"dateModified\":\"2026-01-18T19:23:00+00:00\",\"description\":\"Des r\u00e9ponses concr\u00e8tes aux enjeux de la pr\u00e9vention des violences\",\"breadcrumb\":{\"@id\":\"https:\\\/\\\/monsieur-prevention.com\\\/explosion-de-suicides-chez-les-ados-pourquoi\\\/#breadcrumb\"},\"inLanguage\":\"de\",\"potentialAction\":[{\"@type\":\"ReadAction\",\"target\":[\"https:\\\/\\\/monsieur-prevention.com\\\/explosion-de-suicides-chez-les-ados-pourquoi\\\/\"]}]},{\"@type\":\"ImageObject\",\"inLanguage\":\"de\",\"@id\":\"https:\\\/\\\/monsieur-prevention.com\\\/explosion-de-suicides-chez-les-ados-pourquoi\\\/#primaryimage\",\"url\":\"https:\\\/\\\/monsieur-prevention.com\\\/wp-content\\\/uploads\\\/2024\\\/11\\\/maxresdefault-3.jpg\",\"contentUrl\":\"https:\\\/\\\/monsieur-prevention.com\\\/wp-content\\\/uploads\\\/2024\\\/11\\\/maxresdefault-3.jpg\",\"width\":1280,\"height\":720},{\"@type\":\"BreadcrumbList\",\"@id\":\"https:\\\/\\\/monsieur-prevention.com\\\/explosion-de-suicides-chez-les-ados-pourquoi\\\/#breadcrumb\",\"itemListElement\":[{\"@type\":\"ListItem\",\"position\":1,\"name\":\"Home\",\"item\":\"https:\\\/\\\/monsieur-prevention.com\\\/\"},{\"@type\":\"ListItem\",\"position\":2,\"name\":\"Explosion de suicides chez les ados\u00a0: pourquoi\u202f?\"}]},{\"@type\":\"WebSite\",\"@id\":\"https:\\\/\\\/monsieur-prevention.com\\\/#website\",\"url\":\"https:\\\/\\\/monsieur-prevention.com\\\/\",\"name\":\"Monsieur Pr\u00e9vention \u2013 S\u00e9bastien Brochot\",\"description\":\"Des r\u00e9ponses concr\u00e8tes aux enjeux de la pr\u00e9vention des violences\",\"publisher\":{\"@id\":\"https:\\\/\\\/monsieur-prevention.com\\\/#\\\/schema\\\/person\\\/a98adec1ea87e537031f136cbe7ad955\"},\"alternateName\":\"Sebastien Brochot\",\"potentialAction\":[{\"@type\":\"SearchAction\",\"target\":{\"@type\":\"EntryPoint\",\"urlTemplate\":\"https:\\\/\\\/monsieur-prevention.com\\\/?s={search_term_string}\"},\"query-input\":{\"@type\":\"PropertyValueSpecification\",\"valueRequired\":true,\"valueName\":\"search_term_string\"}}],\"inLanguage\":\"de\"},{\"@type\":[\"Person\",\"Organization\"],\"@id\":\"https:\\\/\\\/monsieur-prevention.com\\\/#\\\/schema\\\/person\\\/a98adec1ea87e537031f136cbe7ad955\",\"name\":\"S\u00e9bastien Brochot\",\"image\":{\"@type\":\"ImageObject\",\"inLanguage\":\"de\",\"@id\":\"https:\\\/\\\/monsieur-prevention.com\\\/wp-content\\\/uploads\\\/2026\\\/01\\\/favicon.jpg\",\"url\":\"https:\\\/\\\/monsieur-prevention.com\\\/wp-content\\\/uploads\\\/2026\\\/01\\\/favicon.jpg\",\"contentUrl\":\"https:\\\/\\\/monsieur-prevention.com\\\/wp-content\\\/uploads\\\/2026\\\/01\\\/favicon.jpg\",\"width\":1024,\"height\":1024,\"caption\":\"S\u00e9bastien Brochot\"},\"logo\":{\"@id\":\"https:\\\/\\\/monsieur-prevention.com\\\/wp-content\\\/uploads\\\/2026\\\/01\\\/favicon.jpg\"},\"description\":\"Je m'appelle S\u00e9bastien Brochot, je suis sp\u00e9cialiste en strat\u00e9gies de pr\u00e9vention des violences.\",\"sameAs\":[\"https:\\\/\\\/sebastienbrochot.com\\\/\",\"https:\\\/\\\/www.instagram.com\\\/sebastien.brochot\\\/\",\"https:\\\/\\\/www.linkedin.com\\\/in\\\/sebastienbrochot\\\/\",\"https:\\\/\\\/x.com\\\/SBrochot\",\"https:\\\/\\\/www.youtube.com\\\/@preventoriumfr\"]}]}<\/script>\n<!-- \/ Yoast SEO plugin. -->","yoast_head_json":{"title":"Explosion der Selbstmordrate unter Teenagern: Warum? \u2013 Erziehung, Gesundheit, Gesellschaft \u2013 Pr\u00e4vention","description":"Konkrete Antworten auf die Herausforderungen der Gewaltpr\u00e4vention","robots":{"index":"index","follow":"follow","max-snippet":"max-snippet:-1","max-image-preview":"max-image-preview:large","max-video-preview":"max-video-preview:-1"},"canonical":"https:\/\/monsieur-prevention.com\/de\/warum-diese-explosionsartige-zunahme-an-selbstmorden-unter-teenagern\/","og_locale":"de_DE","og_type":"article","og_title":"Explosion de suicides chez les ados\u00a0: pourquoi ? - Parentalit\u00e9, Sant\u00e9, Soci\u00e9t\u00e9 - Monsieur Pr\u00e9vention","og_description":"Des r\u00e9ponses concr\u00e8tes aux enjeux de la pr\u00e9vention des violences","og_url":"https:\/\/monsieur-prevention.com\/de\/warum-diese-explosionsartige-zunahme-an-selbstmorden-unter-teenagern\/","og_site_name":"Monsieur Pr\u00e9vention","article_published_time":"2024-11-18T18:40:22+00:00","article_modified_time":"2026-01-18T19:23:00+00:00","og_image":[{"width":1280,"height":720,"url":"https:\/\/monsieur-prevention.com\/wp-content\/uploads\/2024\/11\/maxresdefault-3.jpg","type":"image\/jpeg"}],"author":"S\u00e9bastien Brochot","twitter_card":"summary_large_image","twitter_creator":"@SBrochot","twitter_site":"@SBrochot","twitter_misc":{"Verfasst von":"S\u00e9bastien Brochot","Gesch\u00e4tzte Lesezeit":"4\u00a0Minuten"},"schema":{"@context":"https:\/\/schema.org","@graph":[{"@type":"Article","@id":"https:\/\/monsieur-prevention.com\/explosion-de-suicides-chez-les-ados-pourquoi\/#article","isPartOf":{"@id":"https:\/\/monsieur-prevention.com\/explosion-de-suicides-chez-les-ados-pourquoi\/"},"author":{"name":"S\u00e9bastien Brochot","@id":"https:\/\/monsieur-prevention.com\/#\/schema\/person\/a98adec1ea87e537031f136cbe7ad955"},"headline":"Explosion de suicides chez les ados\u00a0: pourquoi\u202f?","datePublished":"2024-11-18T18:40:22+00:00","dateModified":"2026-01-18T19:23:00+00:00","mainEntityOfPage":{"@id":"https:\/\/monsieur-prevention.com\/explosion-de-suicides-chez-les-ados-pourquoi\/"},"wordCount":688,"publisher":{"@id":"https:\/\/monsieur-prevention.com\/#\/schema\/person\/a98adec1ea87e537031f136cbe7ad955"},"image":{"@id":"https:\/\/monsieur-prevention.com\/explosion-de-suicides-chez-les-ados-pourquoi\/#primaryimage"},"thumbnailUrl":"https:\/\/monsieur-prevention.com\/wp-content\/uploads\/2024\/11\/maxresdefault-3.jpg","keywords":["adolescents","comportements suicidaires","pr\u00e9vention","sant\u00e9 mentale","suicide adolescent"],"articleSection":["Parentalit\u00e9","Sant\u00e9","Soci\u00e9t\u00e9"],"inLanguage":"de"},{"@type":"WebPage","@id":"https:\/\/monsieur-prevention.com\/explosion-de-suicides-chez-les-ados-pourquoi\/","url":"https:\/\/monsieur-prevention.com\/explosion-de-suicides-chez-les-ados-pourquoi\/","name":"Explosion der Selbstmordrate unter Teenagern: Warum? \u2013 Erziehung, Gesundheit, Gesellschaft \u2013 Pr\u00e4vention","isPartOf":{"@id":"https:\/\/monsieur-prevention.com\/#website"},"primaryImageOfPage":{"@id":"https:\/\/monsieur-prevention.com\/explosion-de-suicides-chez-les-ados-pourquoi\/#primaryimage"},"image":{"@id":"https:\/\/monsieur-prevention.com\/explosion-de-suicides-chez-les-ados-pourquoi\/#primaryimage"},"thumbnailUrl":"https:\/\/monsieur-prevention.com\/wp-content\/uploads\/2024\/11\/maxresdefault-3.jpg","datePublished":"2024-11-18T18:40:22+00:00","dateModified":"2026-01-18T19:23:00+00:00","description":"Konkrete Antworten auf die Herausforderungen der Gewaltpr\u00e4vention","breadcrumb":{"@id":"https:\/\/monsieur-prevention.com\/explosion-de-suicides-chez-les-ados-pourquoi\/#breadcrumb"},"inLanguage":"de","potentialAction":[{"@type":"ReadAction","target":["https:\/\/monsieur-prevention.com\/explosion-de-suicides-chez-les-ados-pourquoi\/"]}]},{"@type":"ImageObject","inLanguage":"de","@id":"https:\/\/monsieur-prevention.com\/explosion-de-suicides-chez-les-ados-pourquoi\/#primaryimage","url":"https:\/\/monsieur-prevention.com\/wp-content\/uploads\/2024\/11\/maxresdefault-3.jpg","contentUrl":"https:\/\/monsieur-prevention.com\/wp-content\/uploads\/2024\/11\/maxresdefault-3.jpg","width":1280,"height":720},{"@type":"BreadcrumbList","@id":"https:\/\/monsieur-prevention.com\/explosion-de-suicides-chez-les-ados-pourquoi\/#breadcrumb","itemListElement":[{"@type":"ListItem","position":1,"name":"Home","item":"https:\/\/monsieur-prevention.com\/"},{"@type":"ListItem","position":2,"name":"Explosion de suicides chez les ados\u00a0: pourquoi\u202f?"}]},{"@type":"WebSite","@id":"https:\/\/monsieur-prevention.com\/#website","url":"https:\/\/monsieur-prevention.com\/","name":"Monsieur Pr\u00e9vention - S\u00e9bastien Brochot","description":"Konkrete Antworten auf die Herausforderungen der Gewaltpr\u00e4vention","publisher":{"@id":"https:\/\/monsieur-prevention.com\/#\/schema\/person\/a98adec1ea87e537031f136cbe7ad955"},"alternateName":"Sebastien Brochot","potentialAction":[{"@type":"SearchAction","target":{"@type":"EntryPoint","urlTemplate":"https:\/\/monsieur-prevention.com\/?s={search_term_string}"},"query-input":{"@type":"PropertyValueSpecification","valueRequired":true,"valueName":"search_term_string"}}],"inLanguage":"de"},{"@type":["Person","Organization"],"@id":"https:\/\/monsieur-prevention.com\/#\/schema\/person\/a98adec1ea87e537031f136cbe7ad955","name":"S\u00e9bastien Brochot","image":{"@type":"ImageObject","inLanguage":"de","@id":"https:\/\/monsieur-prevention.com\/wp-content\/uploads\/2026\/01\/favicon.jpg","url":"https:\/\/monsieur-prevention.com\/wp-content\/uploads\/2026\/01\/favicon.jpg","contentUrl":"https:\/\/monsieur-prevention.com\/wp-content\/uploads\/2026\/01\/favicon.jpg","width":1024,"height":1024,"caption":"S\u00e9bastien Brochot"},"logo":{"@id":"https:\/\/monsieur-prevention.com\/wp-content\/uploads\/2026\/01\/favicon.jpg"},"description":"Mein Name ist S\u00e9bastien Brochot, ich bin Spezialist f\u00fcr Strategien zur Gewaltpr\u00e4vention.","sameAs":["https:\/\/sebastienbrochot.com\/","https:\/\/www.instagram.com\/sebastien.brochot\/","https:\/\/www.linkedin.com\/in\/sebastienbrochot\/","https:\/\/x.com\/SBrochot","https:\/\/www.youtube.com\/@preventoriumfr"]}]}},"_links":{"self":[{"href":"https:\/\/monsieur-prevention.com\/de\/wp-json\/wp\/v2\/posts\/8380","targetHints":{"allow":["GET"]}}],"collection":[{"href":"https:\/\/monsieur-prevention.com\/de\/wp-json\/wp\/v2\/posts"}],"about":[{"href":"https:\/\/monsieur-prevention.com\/de\/wp-json\/wp\/v2\/types\/post"}],"author":[{"embeddable":true,"href":"https:\/\/monsieur-prevention.com\/de\/wp-json\/wp\/v2\/users\/1"}],"replies":[{"embeddable":true,"href":"https:\/\/monsieur-prevention.com\/de\/wp-json\/wp\/v2\/comments?post=8380"}],"version-history":[{"count":1,"href":"https:\/\/monsieur-prevention.com\/de\/wp-json\/wp\/v2\/posts\/8380\/revisions"}],"predecessor-version":[{"id":8381,"href":"https:\/\/monsieur-prevention.com\/de\/wp-json\/wp\/v2\/posts\/8380\/revisions\/8381"}],"wp:featuredmedia":[{"embeddable":true,"href":"https:\/\/monsieur-prevention.com\/de\/wp-json\/wp\/v2\/media\/8449"}],"wp:attachment":[{"href":"https:\/\/monsieur-prevention.com\/de\/wp-json\/wp\/v2\/media?parent=8380"}],"wp:term":[{"taxonomy":"category","embeddable":true,"href":"https:\/\/monsieur-prevention.com\/de\/wp-json\/wp\/v2\/categories?post=8380"},{"taxonomy":"post_tag","embeddable":true,"href":"https:\/\/monsieur-prevention.com\/de\/wp-json\/wp\/v2\/tags?post=8380"}],"curies":[{"name":"wp","href":"https:\/\/api.w.org\/{rel}","templated":true}]}}