{"id":8402,"date":"2025-05-20T18:55:59","date_gmt":"2025-05-20T18:55:59","guid":{"rendered":"https:\/\/monsieur-prevention.com\/?p=8402"},"modified":"2026-01-18T19:25:59","modified_gmt":"2026-01-18T19:25:59","slug":"fuhrt-in-einer-demokratie-die-macht-der-emotionen-zu-einer-einschrankung-im-kampf-gegen-gewalt","status":"publish","type":"post","link":"https:\/\/monsieur-prevention.com\/de\/emocratie-le-pouvoir-des-emotions-limite-t-il-la-lutte-contre-les-violences\/","title":{"rendered":"Demokratie: Schr\u00e4nkt die Macht der Emotionen den Kampf gegen Gewalt ein?"},"content":{"rendered":"<p data-start=\"87\" data-end=\"513\">Dieses Video analysiert die wachsende Bedeutung von Emotionen in der \u00d6ffentlichkeit und untersucht deren Auswirkungen auf die Demokratie und den Kampf gegen Gewalt, insbesondere sexuelle Gewalt. Im Zeitalter der sozialen Medien sind Emotionen zu zentralen Instrumenten der Aufmerksamkeitsgewinnung geworden: Emp\u00f6rung, Wut oder Angst werden verst\u00e4rkt, monetarisiert und mitunter f\u00fcr politische oder kommerzielle Zwecke instrumentalisiert.<\/p>\n<p data-start=\"515\" data-end=\"898\">Das Video, das sich auf aktuelle Forschungsergebnisse von CEPREMAP st\u00fctzt, zeigt, dass emotionale Appelle im politischen Diskurs eine immer wichtigere Rolle spielen \u2013 zum Nachteil rationaler Debatten und faktenbasierter Analysen. Diese \u00abPolitik der Emotionen\u00bb schw\u00e4cht demokratische Prozesse, indem sie Polarisierung f\u00f6rdert und komplexe Sachverhalte vereinfacht.<\/p>\n<p data-start=\"900\" data-end=\"1328\">Im Kontext sexueller Gewalt hat dieses Ph\u00e4nomen ambivalente Auswirkungen. Emotionen, insbesondere Emp\u00f6rung, k\u00f6nnen mobilisieren und zum Handeln anregen. Wenn sie jedoch ohne kritische Distanz dominieren, k\u00f6nnen sie auch l\u00e4hmen, Hassreden sch\u00fcren, simple oder kontraproduktive Reaktionen beg\u00fcnstigen und Einzelpersonen \u2013 einschlie\u00dflich Fachkr\u00e4fte \u2013 anf\u00e4lliger f\u00fcr ideologische Manipulation machen.<\/p>\n<p data-start=\"1330\" data-end=\"1636\">Das Video betont, dass Schock und Wut legitime menschliche Reaktionen auf Gewalt sind, aber nicht ausreichen, um wirksame Gegenma\u00dfnahmen zu entwickeln. Ohne Analyse, differenzierte Betrachtung und wissenschaftliche Daten k\u00f6nnen Emotionen Gewalt sogar verst\u00e4rken, anstatt sie zu verhindern.<\/p>\n<p data-start=\"1638\" data-end=\"2185\">Um \u00fcber diese Logik der \u2019emotionalen Demokratie\u00ab hinauszugehen, werden zwei Schl\u00fcsselfaktoren hervorgehoben: die Entwicklung emotionaler Intelligenz, um die eigenen Gef\u00fchle zu erkennen und zu regulieren, und Medienkompetenz, um emotionale Diskurse zu entschl\u00fcsseln, Quellen zu \u00fcberpr\u00fcfen und Manipulation zu widerstehen. Diese F\u00e4higkeiten, die insbesondere in Bildungsprogrammen von Kindheit an gef\u00f6rdert werden, gelten als unerl\u00e4sslich f\u00fcr den Erhalt demokratischer Debatten und die nachhaltige St\u00e4rkung der Gewaltpr\u00e4vention.<\/p>","protected":false},"excerpt":{"rendered":"<p>Cette vid\u00e9o analyse la place croissante des \u00e9motions dans l\u2019espace public et interroge leurs effets sur la d\u00e9mocratie et sur la lutte contre les [&hellip;]<\/p>\n","protected":false},"author":1,"featured_media":8457,"comment_status":"closed","ping_status":"closed","sticky":false,"template":"","format":"standard","meta":{"_acf_changed":false,"footnotes":""},"categories":[270],"tags":[344,346,295,345,272],"class_list":["post-8402","post","type-post","status-publish","format-standard","has-post-thumbnail","hentry","category-societe","tag-emocratie-emotionnelle","tag-esprit-critique","tag-prevention","tag-reseaux-sociaux","tag-violences-sexuelles"],"acf":{"choi\u0441e_menu_page":"global_settings","full_width":false,"header_transparent":false,"header_white":false,"menu_align_page":"default","menu_style":""},"yoast_head":"<!-- This site is optimized with the Yoast SEO plugin v27.5 - https:\/\/yoast.com\/product\/yoast-seo-wordpress\/ -->\n<title>\u00c9mocratie : le pouvoir des \u00e9motions limite-t-il la lutte contre les violences ? - Soci\u00e9t\u00e9 - Monsieur Pr\u00e9vention<\/title>\n<meta name=\"description\" content=\"Des r\u00e9ponses concr\u00e8tes aux enjeux de la pr\u00e9vention des violences\" \/>\n<meta name=\"robots\" content=\"index, follow, max-snippet:-1, max-image-preview:large, max-video-preview:-1\" \/>\n<link rel=\"canonical\" href=\"https:\/\/monsieur-prevention.com\/de\/fuhrt-in-einer-demokratie-die-macht-der-emotionen-zu-einer-einschrankung-im-kampf-gegen-gewalt\/\" \/>\n<meta property=\"og:locale\" content=\"de_DE\" \/>\n<meta property=\"og:type\" content=\"article\" \/>\n<meta property=\"og:title\" content=\"\u00c9mocratie : le pouvoir des \u00e9motions limite-t-il la lutte contre les violences ? - Soci\u00e9t\u00e9 - Monsieur Pr\u00e9vention\" \/>\n<meta property=\"og:description\" content=\"Des r\u00e9ponses concr\u00e8tes aux enjeux de la pr\u00e9vention des violences\" \/>\n<meta property=\"og:url\" content=\"https:\/\/monsieur-prevention.com\/de\/fuhrt-in-einer-demokratie-die-macht-der-emotionen-zu-einer-einschrankung-im-kampf-gegen-gewalt\/\" \/>\n<meta property=\"og:site_name\" content=\"Monsieur Pr\u00e9vention\" \/>\n<meta property=\"article:published_time\" content=\"2025-05-20T18:55:59+00:00\" \/>\n<meta property=\"article:modified_time\" content=\"2026-01-18T19:25:59+00:00\" \/>\n<meta property=\"og:image\" content=\"https:\/\/monsieur-prevention.com\/wp-content\/uploads\/2025\/05\/maxresdefault.jpg\" \/>\n\t<meta property=\"og:image:width\" content=\"1280\" \/>\n\t<meta property=\"og:image:height\" content=\"720\" \/>\n\t<meta property=\"og:image:type\" content=\"image\/jpeg\" \/>\n<meta name=\"author\" content=\"S\u00e9bastien Brochot\" \/>\n<meta name=\"twitter:card\" content=\"summary_large_image\" \/>\n<meta name=\"twitter:creator\" content=\"@SBrochot\" \/>\n<meta name=\"twitter:site\" content=\"@SBrochot\" \/>\n<meta name=\"twitter:label1\" content=\"Verfasst von\" \/>\n\t<meta name=\"twitter:data1\" content=\"S\u00e9bastien Brochot\" \/>\n\t<meta name=\"twitter:label2\" content=\"Gesch\u00e4tzte Lesezeit\" \/>\n\t<meta name=\"twitter:data2\" content=\"2\u00a0Minuten\" \/>\n<script type=\"application\/ld+json\" class=\"yoast-schema-graph\">{\"@context\":\"https:\\\/\\\/schema.org\",\"@graph\":[{\"@type\":\"Article\",\"@id\":\"https:\\\/\\\/monsieur-prevention.com\\\/emocratie-le-pouvoir-des-emotions-limite-t-il-la-lutte-contre-les-violences\\\/#article\",\"isPartOf\":{\"@id\":\"https:\\\/\\\/monsieur-prevention.com\\\/emocratie-le-pouvoir-des-emotions-limite-t-il-la-lutte-contre-les-violences\\\/\"},\"author\":{\"name\":\"S\u00e9bastien Brochot\",\"@id\":\"https:\\\/\\\/monsieur-prevention.com\\\/#\\\/schema\\\/person\\\/a98adec1ea87e537031f136cbe7ad955\"},\"headline\":\"\u00c9mocratie\u202f: le pouvoir des \u00e9motions limite-t-il la lutte contre les violences\u202f?\",\"datePublished\":\"2025-05-20T18:55:59+00:00\",\"dateModified\":\"2026-01-18T19:25:59+00:00\",\"mainEntityOfPage\":{\"@id\":\"https:\\\/\\\/monsieur-prevention.com\\\/emocratie-le-pouvoir-des-emotions-limite-t-il-la-lutte-contre-les-violences\\\/\"},\"wordCount\":355,\"publisher\":{\"@id\":\"https:\\\/\\\/monsieur-prevention.com\\\/#\\\/schema\\\/person\\\/a98adec1ea87e537031f136cbe7ad955\"},\"image\":{\"@id\":\"https:\\\/\\\/monsieur-prevention.com\\\/emocratie-le-pouvoir-des-emotions-limite-t-il-la-lutte-contre-les-violences\\\/#primaryimage\"},\"thumbnailUrl\":\"https:\\\/\\\/monsieur-prevention.com\\\/wp-content\\\/uploads\\\/2025\\\/05\\\/maxresdefault.jpg\",\"keywords\":[\"\u00e9mocratie \u00e9motionnelle\",\"esprit critique\",\"pr\u00e9vention\",\"r\u00e9seaux sociaux\",\"violences sexuelles\"],\"articleSection\":[\"Soci\u00e9t\u00e9\"],\"inLanguage\":\"de\"},{\"@type\":\"WebPage\",\"@id\":\"https:\\\/\\\/monsieur-prevention.com\\\/emocratie-le-pouvoir-des-emotions-limite-t-il-la-lutte-contre-les-violences\\\/\",\"url\":\"https:\\\/\\\/monsieur-prevention.com\\\/emocratie-le-pouvoir-des-emotions-limite-t-il-la-lutte-contre-les-violences\\\/\",\"name\":\"\u00c9mocratie : le pouvoir des \u00e9motions limite-t-il la lutte contre les violences ? - Soci\u00e9t\u00e9 - Monsieur Pr\u00e9vention\",\"isPartOf\":{\"@id\":\"https:\\\/\\\/monsieur-prevention.com\\\/#website\"},\"primaryImageOfPage\":{\"@id\":\"https:\\\/\\\/monsieur-prevention.com\\\/emocratie-le-pouvoir-des-emotions-limite-t-il-la-lutte-contre-les-violences\\\/#primaryimage\"},\"image\":{\"@id\":\"https:\\\/\\\/monsieur-prevention.com\\\/emocratie-le-pouvoir-des-emotions-limite-t-il-la-lutte-contre-les-violences\\\/#primaryimage\"},\"thumbnailUrl\":\"https:\\\/\\\/monsieur-prevention.com\\\/wp-content\\\/uploads\\\/2025\\\/05\\\/maxresdefault.jpg\",\"datePublished\":\"2025-05-20T18:55:59+00:00\",\"dateModified\":\"2026-01-18T19:25:59+00:00\",\"description\":\"Des r\u00e9ponses concr\u00e8tes aux enjeux de la pr\u00e9vention des violences\",\"breadcrumb\":{\"@id\":\"https:\\\/\\\/monsieur-prevention.com\\\/emocratie-le-pouvoir-des-emotions-limite-t-il-la-lutte-contre-les-violences\\\/#breadcrumb\"},\"inLanguage\":\"de\",\"potentialAction\":[{\"@type\":\"ReadAction\",\"target\":[\"https:\\\/\\\/monsieur-prevention.com\\\/emocratie-le-pouvoir-des-emotions-limite-t-il-la-lutte-contre-les-violences\\\/\"]}]},{\"@type\":\"ImageObject\",\"inLanguage\":\"de\",\"@id\":\"https:\\\/\\\/monsieur-prevention.com\\\/emocratie-le-pouvoir-des-emotions-limite-t-il-la-lutte-contre-les-violences\\\/#primaryimage\",\"url\":\"https:\\\/\\\/monsieur-prevention.com\\\/wp-content\\\/uploads\\\/2025\\\/05\\\/maxresdefault.jpg\",\"contentUrl\":\"https:\\\/\\\/monsieur-prevention.com\\\/wp-content\\\/uploads\\\/2025\\\/05\\\/maxresdefault.jpg\",\"width\":1280,\"height\":720},{\"@type\":\"BreadcrumbList\",\"@id\":\"https:\\\/\\\/monsieur-prevention.com\\\/emocratie-le-pouvoir-des-emotions-limite-t-il-la-lutte-contre-les-violences\\\/#breadcrumb\",\"itemListElement\":[{\"@type\":\"ListItem\",\"position\":1,\"name\":\"Home\",\"item\":\"https:\\\/\\\/monsieur-prevention.com\\\/\"},{\"@type\":\"ListItem\",\"position\":2,\"name\":\"\u00c9mocratie\u202f: le pouvoir des \u00e9motions limite-t-il la lutte contre les violences\u202f?\"}]},{\"@type\":\"WebSite\",\"@id\":\"https:\\\/\\\/monsieur-prevention.com\\\/#website\",\"url\":\"https:\\\/\\\/monsieur-prevention.com\\\/\",\"name\":\"Monsieur Pr\u00e9vention \u2013 S\u00e9bastien Brochot\",\"description\":\"Des r\u00e9ponses concr\u00e8tes aux enjeux de la pr\u00e9vention des violences\",\"publisher\":{\"@id\":\"https:\\\/\\\/monsieur-prevention.com\\\/#\\\/schema\\\/person\\\/a98adec1ea87e537031f136cbe7ad955\"},\"alternateName\":\"Sebastien Brochot\",\"potentialAction\":[{\"@type\":\"SearchAction\",\"target\":{\"@type\":\"EntryPoint\",\"urlTemplate\":\"https:\\\/\\\/monsieur-prevention.com\\\/?s={search_term_string}\"},\"query-input\":{\"@type\":\"PropertyValueSpecification\",\"valueRequired\":true,\"valueName\":\"search_term_string\"}}],\"inLanguage\":\"de\"},{\"@type\":[\"Person\",\"Organization\"],\"@id\":\"https:\\\/\\\/monsieur-prevention.com\\\/#\\\/schema\\\/person\\\/a98adec1ea87e537031f136cbe7ad955\",\"name\":\"S\u00e9bastien Brochot\",\"image\":{\"@type\":\"ImageObject\",\"inLanguage\":\"de\",\"@id\":\"https:\\\/\\\/monsieur-prevention.com\\\/wp-content\\\/uploads\\\/2026\\\/01\\\/favicon.jpg\",\"url\":\"https:\\\/\\\/monsieur-prevention.com\\\/wp-content\\\/uploads\\\/2026\\\/01\\\/favicon.jpg\",\"contentUrl\":\"https:\\\/\\\/monsieur-prevention.com\\\/wp-content\\\/uploads\\\/2026\\\/01\\\/favicon.jpg\",\"width\":1024,\"height\":1024,\"caption\":\"S\u00e9bastien Brochot\"},\"logo\":{\"@id\":\"https:\\\/\\\/monsieur-prevention.com\\\/wp-content\\\/uploads\\\/2026\\\/01\\\/favicon.jpg\"},\"description\":\"Je m'appelle S\u00e9bastien Brochot, je suis sp\u00e9cialiste en strat\u00e9gies de pr\u00e9vention des violences.\",\"sameAs\":[\"https:\\\/\\\/sebastienbrochot.com\\\/\",\"https:\\\/\\\/www.instagram.com\\\/sebastien.brochot\\\/\",\"https:\\\/\\\/www.linkedin.com\\\/in\\\/sebastienbrochot\\\/\",\"https:\\\/\\\/x.com\\\/SBrochot\",\"https:\\\/\\\/www.youtube.com\\\/@preventoriumfr\"]}]}<\/script>\n<!-- \/ Yoast SEO plugin. -->","yoast_head_json":{"title":"Demokratie: Schr\u00e4nkt die Macht der Emotionen den Kampf gegen Gewalt ein? \u2013 Gesellschaft \u2013 Herr Pr\u00e4vention","description":"Konkrete Antworten auf die Herausforderungen der Gewaltpr\u00e4vention","robots":{"index":"index","follow":"follow","max-snippet":"max-snippet:-1","max-image-preview":"max-image-preview:large","max-video-preview":"max-video-preview:-1"},"canonical":"https:\/\/monsieur-prevention.com\/de\/fuhrt-in-einer-demokratie-die-macht-der-emotionen-zu-einer-einschrankung-im-kampf-gegen-gewalt\/","og_locale":"de_DE","og_type":"article","og_title":"\u00c9mocratie : le pouvoir des \u00e9motions limite-t-il la lutte contre les violences ? - Soci\u00e9t\u00e9 - Monsieur Pr\u00e9vention","og_description":"Des r\u00e9ponses concr\u00e8tes aux enjeux de la pr\u00e9vention des violences","og_url":"https:\/\/monsieur-prevention.com\/de\/fuhrt-in-einer-demokratie-die-macht-der-emotionen-zu-einer-einschrankung-im-kampf-gegen-gewalt\/","og_site_name":"Monsieur Pr\u00e9vention","article_published_time":"2025-05-20T18:55:59+00:00","article_modified_time":"2026-01-18T19:25:59+00:00","og_image":[{"width":1280,"height":720,"url":"https:\/\/monsieur-prevention.com\/wp-content\/uploads\/2025\/05\/maxresdefault.jpg","type":"image\/jpeg"}],"author":"S\u00e9bastien Brochot","twitter_card":"summary_large_image","twitter_creator":"@SBrochot","twitter_site":"@SBrochot","twitter_misc":{"Verfasst von":"S\u00e9bastien Brochot","Gesch\u00e4tzte Lesezeit":"2\u00a0Minuten"},"schema":{"@context":"https:\/\/schema.org","@graph":[{"@type":"Article","@id":"https:\/\/monsieur-prevention.com\/emocratie-le-pouvoir-des-emotions-limite-t-il-la-lutte-contre-les-violences\/#article","isPartOf":{"@id":"https:\/\/monsieur-prevention.com\/emocratie-le-pouvoir-des-emotions-limite-t-il-la-lutte-contre-les-violences\/"},"author":{"name":"S\u00e9bastien Brochot","@id":"https:\/\/monsieur-prevention.com\/#\/schema\/person\/a98adec1ea87e537031f136cbe7ad955"},"headline":"\u00c9mocratie\u202f: le pouvoir des \u00e9motions limite-t-il la lutte contre les violences\u202f?","datePublished":"2025-05-20T18:55:59+00:00","dateModified":"2026-01-18T19:25:59+00:00","mainEntityOfPage":{"@id":"https:\/\/monsieur-prevention.com\/emocratie-le-pouvoir-des-emotions-limite-t-il-la-lutte-contre-les-violences\/"},"wordCount":355,"publisher":{"@id":"https:\/\/monsieur-prevention.com\/#\/schema\/person\/a98adec1ea87e537031f136cbe7ad955"},"image":{"@id":"https:\/\/monsieur-prevention.com\/emocratie-le-pouvoir-des-emotions-limite-t-il-la-lutte-contre-les-violences\/#primaryimage"},"thumbnailUrl":"https:\/\/monsieur-prevention.com\/wp-content\/uploads\/2025\/05\/maxresdefault.jpg","keywords":["\u00e9mocratie \u00e9motionnelle","esprit critique","pr\u00e9vention","r\u00e9seaux sociaux","violences sexuelles"],"articleSection":["Soci\u00e9t\u00e9"],"inLanguage":"de"},{"@type":"WebPage","@id":"https:\/\/monsieur-prevention.com\/emocratie-le-pouvoir-des-emotions-limite-t-il-la-lutte-contre-les-violences\/","url":"https:\/\/monsieur-prevention.com\/emocratie-le-pouvoir-des-emotions-limite-t-il-la-lutte-contre-les-violences\/","name":"Demokratie: Schr\u00e4nkt die Macht der Emotionen den Kampf gegen Gewalt ein? \u2013 Gesellschaft \u2013 Herr Pr\u00e4vention","isPartOf":{"@id":"https:\/\/monsieur-prevention.com\/#website"},"primaryImageOfPage":{"@id":"https:\/\/monsieur-prevention.com\/emocratie-le-pouvoir-des-emotions-limite-t-il-la-lutte-contre-les-violences\/#primaryimage"},"image":{"@id":"https:\/\/monsieur-prevention.com\/emocratie-le-pouvoir-des-emotions-limite-t-il-la-lutte-contre-les-violences\/#primaryimage"},"thumbnailUrl":"https:\/\/monsieur-prevention.com\/wp-content\/uploads\/2025\/05\/maxresdefault.jpg","datePublished":"2025-05-20T18:55:59+00:00","dateModified":"2026-01-18T19:25:59+00:00","description":"Konkrete Antworten auf die Herausforderungen der Gewaltpr\u00e4vention","breadcrumb":{"@id":"https:\/\/monsieur-prevention.com\/emocratie-le-pouvoir-des-emotions-limite-t-il-la-lutte-contre-les-violences\/#breadcrumb"},"inLanguage":"de","potentialAction":[{"@type":"ReadAction","target":["https:\/\/monsieur-prevention.com\/emocratie-le-pouvoir-des-emotions-limite-t-il-la-lutte-contre-les-violences\/"]}]},{"@type":"ImageObject","inLanguage":"de","@id":"https:\/\/monsieur-prevention.com\/emocratie-le-pouvoir-des-emotions-limite-t-il-la-lutte-contre-les-violences\/#primaryimage","url":"https:\/\/monsieur-prevention.com\/wp-content\/uploads\/2025\/05\/maxresdefault.jpg","contentUrl":"https:\/\/monsieur-prevention.com\/wp-content\/uploads\/2025\/05\/maxresdefault.jpg","width":1280,"height":720},{"@type":"BreadcrumbList","@id":"https:\/\/monsieur-prevention.com\/emocratie-le-pouvoir-des-emotions-limite-t-il-la-lutte-contre-les-violences\/#breadcrumb","itemListElement":[{"@type":"ListItem","position":1,"name":"Home","item":"https:\/\/monsieur-prevention.com\/"},{"@type":"ListItem","position":2,"name":"\u00c9mocratie\u202f: le pouvoir des \u00e9motions limite-t-il la lutte contre les violences\u202f?"}]},{"@type":"WebSite","@id":"https:\/\/monsieur-prevention.com\/#website","url":"https:\/\/monsieur-prevention.com\/","name":"Monsieur Pr\u00e9vention - S\u00e9bastien Brochot","description":"Konkrete Antworten auf die Herausforderungen der Gewaltpr\u00e4vention","publisher":{"@id":"https:\/\/monsieur-prevention.com\/#\/schema\/person\/a98adec1ea87e537031f136cbe7ad955"},"alternateName":"Sebastien Brochot","potentialAction":[{"@type":"SearchAction","target":{"@type":"EntryPoint","urlTemplate":"https:\/\/monsieur-prevention.com\/?s={search_term_string}"},"query-input":{"@type":"PropertyValueSpecification","valueRequired":true,"valueName":"search_term_string"}}],"inLanguage":"de"},{"@type":["Person","Organization"],"@id":"https:\/\/monsieur-prevention.com\/#\/schema\/person\/a98adec1ea87e537031f136cbe7ad955","name":"S\u00e9bastien Brochot","image":{"@type":"ImageObject","inLanguage":"de","@id":"https:\/\/monsieur-prevention.com\/wp-content\/uploads\/2026\/01\/favicon.jpg","url":"https:\/\/monsieur-prevention.com\/wp-content\/uploads\/2026\/01\/favicon.jpg","contentUrl":"https:\/\/monsieur-prevention.com\/wp-content\/uploads\/2026\/01\/favicon.jpg","width":1024,"height":1024,"caption":"S\u00e9bastien Brochot"},"logo":{"@id":"https:\/\/monsieur-prevention.com\/wp-content\/uploads\/2026\/01\/favicon.jpg"},"description":"Mein Name ist S\u00e9bastien Brochot, ich bin Spezialist f\u00fcr Strategien zur Gewaltpr\u00e4vention.","sameAs":["https:\/\/sebastienbrochot.com\/","https:\/\/www.instagram.com\/sebastien.brochot\/","https:\/\/www.linkedin.com\/in\/sebastienbrochot\/","https:\/\/x.com\/SBrochot","https:\/\/www.youtube.com\/@preventoriumfr"]}]}},"_links":{"self":[{"href":"https:\/\/monsieur-prevention.com\/de\/wp-json\/wp\/v2\/posts\/8402","targetHints":{"allow":["GET"]}}],"collection":[{"href":"https:\/\/monsieur-prevention.com\/de\/wp-json\/wp\/v2\/posts"}],"about":[{"href":"https:\/\/monsieur-prevention.com\/de\/wp-json\/wp\/v2\/types\/post"}],"author":[{"embeddable":true,"href":"https:\/\/monsieur-prevention.com\/de\/wp-json\/wp\/v2\/users\/1"}],"replies":[{"embeddable":true,"href":"https:\/\/monsieur-prevention.com\/de\/wp-json\/wp\/v2\/comments?post=8402"}],"version-history":[{"count":1,"href":"https:\/\/monsieur-prevention.com\/de\/wp-json\/wp\/v2\/posts\/8402\/revisions"}],"predecessor-version":[{"id":8403,"href":"https:\/\/monsieur-prevention.com\/de\/wp-json\/wp\/v2\/posts\/8402\/revisions\/8403"}],"wp:featuredmedia":[{"embeddable":true,"href":"https:\/\/monsieur-prevention.com\/de\/wp-json\/wp\/v2\/media\/8457"}],"wp:attachment":[{"href":"https:\/\/monsieur-prevention.com\/de\/wp-json\/wp\/v2\/media?parent=8402"}],"wp:term":[{"taxonomy":"category","embeddable":true,"href":"https:\/\/monsieur-prevention.com\/de\/wp-json\/wp\/v2\/categories?post=8402"},{"taxonomy":"post_tag","embeddable":true,"href":"https:\/\/monsieur-prevention.com\/de\/wp-json\/wp\/v2\/tags?post=8402"}],"curies":[{"name":"wp","href":"https:\/\/api.w.org\/{rel}","templated":true}]}}