{"id":8408,"date":"2025-09-30T18:59:15","date_gmt":"2025-09-30T18:59:15","guid":{"rendered":"https:\/\/monsieur-prevention.com\/?p=8408"},"modified":"2026-01-18T19:28:32","modified_gmt":"2026-01-18T19:28:32","slug":"urzadzenia-przenosne-jakie-sa-ograniczenia-dla-dzieci-i-mlodziezy-w-wieku-3-4-lat-tresc","status":"publish","type":"post","link":"https:\/\/monsieur-prevention.com\/pl\/portable-quelles-limites-pour-les-enfants-ados-3-4-les-contenus\/","title":{"rendered":"Telefony kom\u00f3rkowe: jakie ograniczenia dla dzieci i nastolatk\u00f3w? 3\/4 - Tre\u015b\u0107"},"content":{"rendered":"<p data-start=\"74\" data-end=\"450\">Ten trzeci odcinek serii koncentruje si\u0119 nie na czasie sp\u0119dzanym przed ekranem, ale na charakterze tre\u015bci, na kt\u00f3re nara\u017cone s\u0105 dzieci i m\u0142odzie\u017c korzystaj\u0105ce ze smartfon\u00f3w. Podarowanie komu\u015b telefonu oznacza otwarcie bezpo\u015bredniego i sta\u0142ego dost\u0119pu do ca\u0142ego internetu: przegl\u0105dania, odbierania, nagrywania i rozpowszechniania tre\u015bci, w tym tre\u015bci o charakterze przemocy, seksualnym lub niezgodnym z prawem.<\/p>\n<p data-start=\"452\" data-end=\"795\">Film rozpoczyna si\u0119 od zwr\u00f3cenia uwagi na kluczow\u0105 kwesti\u0119 prawn\u0105: we Francji nieletni mog\u0105 zosta\u0107 poci\u0105gni\u0119ci do odpowiedzialno\u015bci karnej od 13. roku \u017cycia za rozpowszechnianie materia\u0142\u00f3w o charakterze brutalnym lub seksualnym, a \u015brodki edukacyjne mog\u0105 by\u0107 wdra\u017cane od 10. roku \u017cycia. Aktywno\u015b\u0107 cyfrowa niesie zatem ze sob\u0105 realne konsekwencje prawne, cz\u0119sto nieznane rodzinom.<\/p>\n<p data-start=\"797\" data-end=\"1551\">Nast\u0119pnie om\u00f3wiono trzy g\u0142\u00f3wne rodzaje zagro\u017ce\u0144. Pierwsze dotyczy wczesnej ekspozycji na pornografi\u0119, cz\u0119sto przypadkowej, niekiedy powtarzaj\u0105cej si\u0119 i rzadko odpowiedniej do wieku. Tre\u015bci te, przewa\u017cnie brutalne i dehumanizuj\u0105ce, mog\u0105 powodowa\u0107 szok, dezorientacj\u0119 emocjonaln\u0105, normalizacj\u0119 przemocy lub d\u0142ugotrwa\u0142e poczucie winy. Drugim zagro\u017ceniem jest cyberprzemoc: dziecko, z kt\u00f3rym mo\u017cna si\u0119 stale skontaktowa\u0107, mo\u017ce by\u0107 nara\u017cone na powtarzaj\u0105ce si\u0119 ataki, niekiedy niewidoczne dla doros\u0142ych, maj\u0105ce powa\u017cne konsekwencje dla jego zdrowia psychicznego. Trzecim zagro\u017ceniem jest ekspozycja na obrazy przemocy: b\u00f3jki, sfilmowane upokorzenia, sceny \u015bmierci lub okrucie\u0144stwa, kt\u00f3re przyczyniaj\u0105 si\u0119 do stopniowej normalizacji przemocy.<\/p>\n<p data-start=\"1553\" data-end=\"2022\">W obliczu tych zagro\u017ce\u0144 film podkre\u015bla kluczow\u0105 rol\u0119 doros\u0142ych. Instalacja kontroli rodzicielskiej jest przedstawiana jako niezb\u0119dne minimum, ale niewystarczaj\u0105ce bez wsparcia edukacyjnego. Nauka korzystania z narz\u0119dzi cyfrowych wymaga stopniowego nadzoru: sprawdzania, wyja\u015bniania prawa, ustalania jasnych zasad, przypominania dzieciom, \u017ce ich telefon nie jest przestrzeni\u0105 prywatn\u0105, a nast\u0119pnie stopniowego rozlu\u017aniania kontroli w miar\u0119 ich dojrza\u0142o\u015bci.<\/p>\n<p data-start=\"2024\" data-end=\"2447\">Na koniec podkre\u015blono wag\u0119 dialogu: stworzenie przestrzeni do otwartej i pozbawionej os\u0105d\u00f3w dyskusji, umo\u017cliwienie dzieciom rozmowy o tym, co widz\u0105, co je szokuje lub niepokoi, a tak\u017ce zapewnienie im wsparcia w razie potrzeby. Dzieci i m\u0142odzie\u017c nie mog\u0105 stawi\u0107 czo\u0142a przemocy cyfrowego \u015bwiata same; potrzebuj\u0105 obecno\u015bci, opieki i przeszkolonych doros\u0142ych, kt\u00f3rzy b\u0119d\u0105 mogli je wspiera\u0107 na ka\u017cdym etapie rozwoju.<\/p>","protected":false},"excerpt":{"rendered":"<p>Ce troisi\u00e8me \u00e9pisode de la s\u00e9rie s\u2019int\u00e9resse non plus au temps d\u2019\u00e9cran, mais \u00e0 la nature des contenus auxquels les enfants et les adolescents [&hellip;]<\/p>\n","protected":false},"author":1,"featured_media":8463,"comment_status":"closed","ping_status":"closed","sticky":false,"template":"","format":"standard","meta":{"_acf_changed":false,"footnotes":""},"categories":[281,278],"tags":[357,361,359,358,362,360],"class_list":["post-8408","post","type-post","status-publish","format-standard","has-post-thumbnail","hentry","category-numerique","category-parentalite","tag-contenus-numeriques","tag-controle-parental","tag-cyberharcelement","tag-pornographie-et-enfants","tag-responsabilite-penale-des-mineurs","tag-violences-en-ligne"],"acf":{"choi\u0441e_menu_page":"global_settings","full_width":false,"header_transparent":false,"header_white":false,"menu_align_page":"default","menu_style":""},"yoast_head":"<!-- This site is optimized with the Yoast SEO plugin v27.5 - https:\/\/yoast.com\/product\/yoast-seo-wordpress\/ -->\n<title>Portable : quelles limites pour les enfants &amp; ados ? 3\/4 - Les contenus - Num\u00e9rique, Parentalit\u00e9 - Monsieur Pr\u00e9vention<\/title>\n<meta name=\"description\" content=\"Des r\u00e9ponses concr\u00e8tes aux enjeux de la pr\u00e9vention des violences\" \/>\n<meta name=\"robots\" content=\"index, follow, max-snippet:-1, max-image-preview:large, max-video-preview:-1\" \/>\n<link rel=\"canonical\" href=\"https:\/\/monsieur-prevention.com\/pl\/urzadzenia-przenosne-jakie-sa-ograniczenia-dla-dzieci-i-mlodziezy-w-wieku-3-4-lat-tresc\/\" \/>\n<meta property=\"og:locale\" content=\"pl_PL\" \/>\n<meta property=\"og:type\" content=\"article\" \/>\n<meta property=\"og:title\" content=\"Portable : quelles limites pour les enfants &amp; ados ? 3\/4 - Les contenus - Num\u00e9rique, Parentalit\u00e9 - Monsieur Pr\u00e9vention\" \/>\n<meta property=\"og:description\" content=\"Des r\u00e9ponses concr\u00e8tes aux enjeux de la pr\u00e9vention des violences\" \/>\n<meta property=\"og:url\" content=\"https:\/\/monsieur-prevention.com\/pl\/urzadzenia-przenosne-jakie-sa-ograniczenia-dla-dzieci-i-mlodziezy-w-wieku-3-4-lat-tresc\/\" \/>\n<meta property=\"og:site_name\" content=\"Monsieur Pr\u00e9vention\" \/>\n<meta property=\"article:published_time\" content=\"2025-09-30T18:59:15+00:00\" \/>\n<meta property=\"article:modified_time\" content=\"2026-01-18T19:28:32+00:00\" \/>\n<meta property=\"og:image\" content=\"https:\/\/monsieur-prevention.com\/wp-content\/uploads\/2025\/09\/maxresdefault-2.jpg\" \/>\n\t<meta property=\"og:image:width\" content=\"1280\" \/>\n\t<meta property=\"og:image:height\" content=\"720\" \/>\n\t<meta property=\"og:image:type\" content=\"image\/jpeg\" \/>\n<meta name=\"author\" content=\"S\u00e9bastien Brochot\" \/>\n<meta name=\"twitter:card\" content=\"summary_large_image\" \/>\n<meta name=\"twitter:creator\" content=\"@SBrochot\" \/>\n<meta name=\"twitter:site\" content=\"@SBrochot\" \/>\n<meta name=\"twitter:label1\" content=\"Napisane przez\" \/>\n\t<meta name=\"twitter:data1\" content=\"S\u00e9bastien Brochot\" \/>\n\t<meta name=\"twitter:label2\" content=\"Szacowany czas czytania\" \/>\n\t<meta name=\"twitter:data2\" content=\"2 minuty\" \/>\n<script type=\"application\/ld+json\" class=\"yoast-schema-graph\">{\"@context\":\"https:\\\/\\\/schema.org\",\"@graph\":[{\"@type\":\"Article\",\"@id\":\"https:\\\/\\\/monsieur-prevention.com\\\/portable-quelles-limites-pour-les-enfants-ados-3-4-les-contenus\\\/#article\",\"isPartOf\":{\"@id\":\"https:\\\/\\\/monsieur-prevention.com\\\/portable-quelles-limites-pour-les-enfants-ados-3-4-les-contenus\\\/\"},\"author\":{\"name\":\"S\u00e9bastien Brochot\",\"@id\":\"https:\\\/\\\/monsieur-prevention.com\\\/#\\\/schema\\\/person\\\/a98adec1ea87e537031f136cbe7ad955\"},\"headline\":\"Portable\u202f: quelles limites pour les enfants &#038; ados\u202f? 3\\\/4 &#8211; Les contenus\",\"datePublished\":\"2025-09-30T18:59:15+00:00\",\"dateModified\":\"2026-01-18T19:28:32+00:00\",\"mainEntityOfPage\":{\"@id\":\"https:\\\/\\\/monsieur-prevention.com\\\/portable-quelles-limites-pour-les-enfants-ados-3-4-les-contenus\\\/\"},\"wordCount\":420,\"publisher\":{\"@id\":\"https:\\\/\\\/monsieur-prevention.com\\\/#\\\/schema\\\/person\\\/a98adec1ea87e537031f136cbe7ad955\"},\"image\":{\"@id\":\"https:\\\/\\\/monsieur-prevention.com\\\/portable-quelles-limites-pour-les-enfants-ados-3-4-les-contenus\\\/#primaryimage\"},\"thumbnailUrl\":\"https:\\\/\\\/monsieur-prevention.com\\\/wp-content\\\/uploads\\\/2025\\\/09\\\/maxresdefault-2.jpg\",\"keywords\":[\"contenus num\u00e9riques\",\"contr\u00f4le parental\",\"cyberharc\u00e8lement\",\"pornographie et enfants\",\"responsabilit\u00e9 p\u00e9nale des mineurs\",\"violences en ligne\"],\"articleSection\":[\"Num\u00e9rique\",\"Parentalit\u00e9\"],\"inLanguage\":\"pl-PL\"},{\"@type\":\"WebPage\",\"@id\":\"https:\\\/\\\/monsieur-prevention.com\\\/portable-quelles-limites-pour-les-enfants-ados-3-4-les-contenus\\\/\",\"url\":\"https:\\\/\\\/monsieur-prevention.com\\\/portable-quelles-limites-pour-les-enfants-ados-3-4-les-contenus\\\/\",\"name\":\"Portable : quelles limites pour les enfants & ados ? 3\\\/4 - Les contenus - Num\u00e9rique, Parentalit\u00e9 - Monsieur Pr\u00e9vention\",\"isPartOf\":{\"@id\":\"https:\\\/\\\/monsieur-prevention.com\\\/#website\"},\"primaryImageOfPage\":{\"@id\":\"https:\\\/\\\/monsieur-prevention.com\\\/portable-quelles-limites-pour-les-enfants-ados-3-4-les-contenus\\\/#primaryimage\"},\"image\":{\"@id\":\"https:\\\/\\\/monsieur-prevention.com\\\/portable-quelles-limites-pour-les-enfants-ados-3-4-les-contenus\\\/#primaryimage\"},\"thumbnailUrl\":\"https:\\\/\\\/monsieur-prevention.com\\\/wp-content\\\/uploads\\\/2025\\\/09\\\/maxresdefault-2.jpg\",\"datePublished\":\"2025-09-30T18:59:15+00:00\",\"dateModified\":\"2026-01-18T19:28:32+00:00\",\"description\":\"Des r\u00e9ponses concr\u00e8tes aux enjeux de la pr\u00e9vention des violences\",\"breadcrumb\":{\"@id\":\"https:\\\/\\\/monsieur-prevention.com\\\/portable-quelles-limites-pour-les-enfants-ados-3-4-les-contenus\\\/#breadcrumb\"},\"inLanguage\":\"pl-PL\",\"potentialAction\":[{\"@type\":\"ReadAction\",\"target\":[\"https:\\\/\\\/monsieur-prevention.com\\\/portable-quelles-limites-pour-les-enfants-ados-3-4-les-contenus\\\/\"]}]},{\"@type\":\"ImageObject\",\"inLanguage\":\"pl-PL\",\"@id\":\"https:\\\/\\\/monsieur-prevention.com\\\/portable-quelles-limites-pour-les-enfants-ados-3-4-les-contenus\\\/#primaryimage\",\"url\":\"https:\\\/\\\/monsieur-prevention.com\\\/wp-content\\\/uploads\\\/2025\\\/09\\\/maxresdefault-2.jpg\",\"contentUrl\":\"https:\\\/\\\/monsieur-prevention.com\\\/wp-content\\\/uploads\\\/2025\\\/09\\\/maxresdefault-2.jpg\",\"width\":1280,\"height\":720},{\"@type\":\"BreadcrumbList\",\"@id\":\"https:\\\/\\\/monsieur-prevention.com\\\/portable-quelles-limites-pour-les-enfants-ados-3-4-les-contenus\\\/#breadcrumb\",\"itemListElement\":[{\"@type\":\"ListItem\",\"position\":1,\"name\":\"Home\",\"item\":\"https:\\\/\\\/monsieur-prevention.com\\\/\"},{\"@type\":\"ListItem\",\"position\":2,\"name\":\"Portable\u202f: quelles limites pour les enfants &#038; ados\u202f? 3\\\/4 &#8211; Les contenus\"}]},{\"@type\":\"WebSite\",\"@id\":\"https:\\\/\\\/monsieur-prevention.com\\\/#website\",\"url\":\"https:\\\/\\\/monsieur-prevention.com\\\/\",\"name\":\"Monsieur Pr\u00e9vention \u2013 S\u00e9bastien Brochot\",\"description\":\"Des r\u00e9ponses concr\u00e8tes aux enjeux de la pr\u00e9vention des violences\",\"publisher\":{\"@id\":\"https:\\\/\\\/monsieur-prevention.com\\\/#\\\/schema\\\/person\\\/a98adec1ea87e537031f136cbe7ad955\"},\"alternateName\":\"Sebastien Brochot\",\"potentialAction\":[{\"@type\":\"SearchAction\",\"target\":{\"@type\":\"EntryPoint\",\"urlTemplate\":\"https:\\\/\\\/monsieur-prevention.com\\\/?s={search_term_string}\"},\"query-input\":{\"@type\":\"PropertyValueSpecification\",\"valueRequired\":true,\"valueName\":\"search_term_string\"}}],\"inLanguage\":\"pl-PL\"},{\"@type\":[\"Person\",\"Organization\"],\"@id\":\"https:\\\/\\\/monsieur-prevention.com\\\/#\\\/schema\\\/person\\\/a98adec1ea87e537031f136cbe7ad955\",\"name\":\"S\u00e9bastien Brochot\",\"image\":{\"@type\":\"ImageObject\",\"inLanguage\":\"pl-PL\",\"@id\":\"https:\\\/\\\/monsieur-prevention.com\\\/wp-content\\\/uploads\\\/2026\\\/01\\\/favicon.jpg\",\"url\":\"https:\\\/\\\/monsieur-prevention.com\\\/wp-content\\\/uploads\\\/2026\\\/01\\\/favicon.jpg\",\"contentUrl\":\"https:\\\/\\\/monsieur-prevention.com\\\/wp-content\\\/uploads\\\/2026\\\/01\\\/favicon.jpg\",\"width\":1024,\"height\":1024,\"caption\":\"S\u00e9bastien Brochot\"},\"logo\":{\"@id\":\"https:\\\/\\\/monsieur-prevention.com\\\/wp-content\\\/uploads\\\/2026\\\/01\\\/favicon.jpg\"},\"description\":\"Je m'appelle S\u00e9bastien Brochot, je suis sp\u00e9cialiste en strat\u00e9gies de pr\u00e9vention des violences.\",\"sameAs\":[\"https:\\\/\\\/sebastienbrochot.com\\\/\",\"https:\\\/\\\/www.instagram.com\\\/sebastien.brochot\\\/\",\"https:\\\/\\\/www.linkedin.com\\\/in\\\/sebastienbrochot\\\/\",\"https:\\\/\\\/x.com\\\/SBrochot\",\"https:\\\/\\\/www.youtube.com\\\/@preventoriumfr\"]}]}<\/script>\n<!-- \/ Yoast SEO plugin. -->","yoast_head_json":{"title":"Telefony kom\u00f3rkowe: jakie s\u0105 ograniczenia dla dzieci i m\u0142odzie\u017cy? 3\/4 - Tre\u015bci - Cyfrowe, Rodzicielstwo - Pan Zapobieganie","description":"Praktyczne odpowiedzi na wyzwania zwi\u0105zane z zapobieganiem przemocy","robots":{"index":"index","follow":"follow","max-snippet":"max-snippet:-1","max-image-preview":"max-image-preview:large","max-video-preview":"max-video-preview:-1"},"canonical":"https:\/\/monsieur-prevention.com\/pl\/urzadzenia-przenosne-jakie-sa-ograniczenia-dla-dzieci-i-mlodziezy-w-wieku-3-4-lat-tresc\/","og_locale":"pl_PL","og_type":"article","og_title":"Portable : quelles limites pour les enfants & ados ? 3\/4 - Les contenus - Num\u00e9rique, Parentalit\u00e9 - Monsieur Pr\u00e9vention","og_description":"Des r\u00e9ponses concr\u00e8tes aux enjeux de la pr\u00e9vention des violences","og_url":"https:\/\/monsieur-prevention.com\/pl\/urzadzenia-przenosne-jakie-sa-ograniczenia-dla-dzieci-i-mlodziezy-w-wieku-3-4-lat-tresc\/","og_site_name":"Monsieur Pr\u00e9vention","article_published_time":"2025-09-30T18:59:15+00:00","article_modified_time":"2026-01-18T19:28:32+00:00","og_image":[{"width":1280,"height":720,"url":"https:\/\/monsieur-prevention.com\/wp-content\/uploads\/2025\/09\/maxresdefault-2.jpg","type":"image\/jpeg"}],"author":"S\u00e9bastien Brochot","twitter_card":"summary_large_image","twitter_creator":"@SBrochot","twitter_site":"@SBrochot","twitter_misc":{"Napisane przez":"S\u00e9bastien Brochot","Szacowany czas czytania":"2 minuty"},"schema":{"@context":"https:\/\/schema.org","@graph":[{"@type":"Article","@id":"https:\/\/monsieur-prevention.com\/portable-quelles-limites-pour-les-enfants-ados-3-4-les-contenus\/#article","isPartOf":{"@id":"https:\/\/monsieur-prevention.com\/portable-quelles-limites-pour-les-enfants-ados-3-4-les-contenus\/"},"author":{"name":"S\u00e9bastien Brochot","@id":"https:\/\/monsieur-prevention.com\/#\/schema\/person\/a98adec1ea87e537031f136cbe7ad955"},"headline":"Portable\u202f: quelles limites pour les enfants &#038; ados\u202f? 3\/4 &#8211; Les contenus","datePublished":"2025-09-30T18:59:15+00:00","dateModified":"2026-01-18T19:28:32+00:00","mainEntityOfPage":{"@id":"https:\/\/monsieur-prevention.com\/portable-quelles-limites-pour-les-enfants-ados-3-4-les-contenus\/"},"wordCount":420,"publisher":{"@id":"https:\/\/monsieur-prevention.com\/#\/schema\/person\/a98adec1ea87e537031f136cbe7ad955"},"image":{"@id":"https:\/\/monsieur-prevention.com\/portable-quelles-limites-pour-les-enfants-ados-3-4-les-contenus\/#primaryimage"},"thumbnailUrl":"https:\/\/monsieur-prevention.com\/wp-content\/uploads\/2025\/09\/maxresdefault-2.jpg","keywords":["contenus num\u00e9riques","contr\u00f4le parental","cyberharc\u00e8lement","pornographie et enfants","responsabilit\u00e9 p\u00e9nale des mineurs","violences en ligne"],"articleSection":["Num\u00e9rique","Parentalit\u00e9"],"inLanguage":"pl-PL"},{"@type":"WebPage","@id":"https:\/\/monsieur-prevention.com\/portable-quelles-limites-pour-les-enfants-ados-3-4-les-contenus\/","url":"https:\/\/monsieur-prevention.com\/portable-quelles-limites-pour-les-enfants-ados-3-4-les-contenus\/","name":"Telefony kom\u00f3rkowe: jakie s\u0105 ograniczenia dla dzieci i m\u0142odzie\u017cy? 3\/4 - Tre\u015bci - Cyfrowe, Rodzicielstwo - Pan Zapobieganie","isPartOf":{"@id":"https:\/\/monsieur-prevention.com\/#website"},"primaryImageOfPage":{"@id":"https:\/\/monsieur-prevention.com\/portable-quelles-limites-pour-les-enfants-ados-3-4-les-contenus\/#primaryimage"},"image":{"@id":"https:\/\/monsieur-prevention.com\/portable-quelles-limites-pour-les-enfants-ados-3-4-les-contenus\/#primaryimage"},"thumbnailUrl":"https:\/\/monsieur-prevention.com\/wp-content\/uploads\/2025\/09\/maxresdefault-2.jpg","datePublished":"2025-09-30T18:59:15+00:00","dateModified":"2026-01-18T19:28:32+00:00","description":"Praktyczne odpowiedzi na wyzwania zwi\u0105zane z zapobieganiem przemocy","breadcrumb":{"@id":"https:\/\/monsieur-prevention.com\/portable-quelles-limites-pour-les-enfants-ados-3-4-les-contenus\/#breadcrumb"},"inLanguage":"pl-PL","potentialAction":[{"@type":"ReadAction","target":["https:\/\/monsieur-prevention.com\/portable-quelles-limites-pour-les-enfants-ados-3-4-les-contenus\/"]}]},{"@type":"ImageObject","inLanguage":"pl-PL","@id":"https:\/\/monsieur-prevention.com\/portable-quelles-limites-pour-les-enfants-ados-3-4-les-contenus\/#primaryimage","url":"https:\/\/monsieur-prevention.com\/wp-content\/uploads\/2025\/09\/maxresdefault-2.jpg","contentUrl":"https:\/\/monsieur-prevention.com\/wp-content\/uploads\/2025\/09\/maxresdefault-2.jpg","width":1280,"height":720},{"@type":"BreadcrumbList","@id":"https:\/\/monsieur-prevention.com\/portable-quelles-limites-pour-les-enfants-ados-3-4-les-contenus\/#breadcrumb","itemListElement":[{"@type":"ListItem","position":1,"name":"Home","item":"https:\/\/monsieur-prevention.com\/"},{"@type":"ListItem","position":2,"name":"Portable\u202f: quelles limites pour les enfants &#038; ados\u202f? 3\/4 &#8211; Les contenus"}]},{"@type":"WebSite","@id":"https:\/\/monsieur-prevention.com\/#website","url":"https:\/\/monsieur-prevention.com\/","name":"Pan Prevention - S\u00e9bastien Brochot","description":"Praktyczne odpowiedzi na wyzwania zwi\u0105zane z zapobieganiem przemocy","publisher":{"@id":"https:\/\/monsieur-prevention.com\/#\/schema\/person\/a98adec1ea87e537031f136cbe7ad955"},"alternateName":"Sebastien Brochot","potentialAction":[{"@type":"SearchAction","target":{"@type":"EntryPoint","urlTemplate":"https:\/\/monsieur-prevention.com\/?s={search_term_string}"},"query-input":{"@type":"PropertyValueSpecification","valueRequired":true,"valueName":"search_term_string"}}],"inLanguage":"pl-PL"},{"@type":["Person","Organization"],"@id":"https:\/\/monsieur-prevention.com\/#\/schema\/person\/a98adec1ea87e537031f136cbe7ad955","name":"S\u00e9bastien Brochot","image":{"@type":"ImageObject","inLanguage":"pl-PL","@id":"https:\/\/monsieur-prevention.com\/wp-content\/uploads\/2026\/01\/favicon.jpg","url":"https:\/\/monsieur-prevention.com\/wp-content\/uploads\/2026\/01\/favicon.jpg","contentUrl":"https:\/\/monsieur-prevention.com\/wp-content\/uploads\/2026\/01\/favicon.jpg","width":1024,"height":1024,"caption":"S\u00e9bastien Brochot"},"logo":{"@id":"https:\/\/monsieur-prevention.com\/wp-content\/uploads\/2026\/01\/favicon.jpg"},"description":"Nazywam si\u0119 S\u00e9bastien Brochot i specjalizuj\u0119 si\u0119 w strategiach zapobiegania przemocy.","sameAs":["https:\/\/sebastienbrochot.com\/","https:\/\/www.instagram.com\/sebastien.brochot\/","https:\/\/www.linkedin.com\/in\/sebastienbrochot\/","https:\/\/x.com\/SBrochot","https:\/\/www.youtube.com\/@preventoriumfr"]}]}},"_links":{"self":[{"href":"https:\/\/monsieur-prevention.com\/pl\/wp-json\/wp\/v2\/posts\/8408","targetHints":{"allow":["GET"]}}],"collection":[{"href":"https:\/\/monsieur-prevention.com\/pl\/wp-json\/wp\/v2\/posts"}],"about":[{"href":"https:\/\/monsieur-prevention.com\/pl\/wp-json\/wp\/v2\/types\/post"}],"author":[{"embeddable":true,"href":"https:\/\/monsieur-prevention.com\/pl\/wp-json\/wp\/v2\/users\/1"}],"replies":[{"embeddable":true,"href":"https:\/\/monsieur-prevention.com\/pl\/wp-json\/wp\/v2\/comments?post=8408"}],"version-history":[{"count":1,"href":"https:\/\/monsieur-prevention.com\/pl\/wp-json\/wp\/v2\/posts\/8408\/revisions"}],"predecessor-version":[{"id":8409,"href":"https:\/\/monsieur-prevention.com\/pl\/wp-json\/wp\/v2\/posts\/8408\/revisions\/8409"}],"wp:featuredmedia":[{"embeddable":true,"href":"https:\/\/monsieur-prevention.com\/pl\/wp-json\/wp\/v2\/media\/8463"}],"wp:attachment":[{"href":"https:\/\/monsieur-prevention.com\/pl\/wp-json\/wp\/v2\/media?parent=8408"}],"wp:term":[{"taxonomy":"category","embeddable":true,"href":"https:\/\/monsieur-prevention.com\/pl\/wp-json\/wp\/v2\/categories?post=8408"},{"taxonomy":"post_tag","embeddable":true,"href":"https:\/\/monsieur-prevention.com\/pl\/wp-json\/wp\/v2\/tags?post=8408"}],"curies":[{"name":"wp","href":"https:\/\/api.w.org\/{rel}","templated":true}]}}