{"id":8380,"date":"2024-11-18T18:40:22","date_gmt":"2024-11-18T18:40:22","guid":{"rendered":"https:\/\/monsieur-prevention.com\/?p=8380"},"modified":"2026-01-18T19:23:00","modified_gmt":"2026-01-18T19:23:00","slug":"por-que-a-explosao-de-suicidios-entre-adolescentes","status":"publish","type":"post","link":"https:\/\/monsieur-prevention.com\/pt\/explosion-de-suicides-chez-les-ados-pourquoi\/","title":{"rendered":"Explos\u00e3o de suic\u00eddios entre adolescentes: por qu\u00ea?"},"content":{"rendered":"<p data-start=\"87\" data-end=\"319\">Este v\u00eddeo analisa um desenvolvimento particularmente preocupante na sa\u00fade mental dos adolescentes na Fran\u00e7a: o aumento acentuado do comportamento suicida, especialmente entre os mais jovens, e particularmente entre as meninas.<\/p>\n<p data-start=\"321\" data-end=\"941\">Ela come\u00e7a por relembrar um fato frequentemente subestimado. H\u00e1 cerca de dez anos, aproximadamente 3% dos jovens de 17 anos relataram j\u00e1 ter tentado suic\u00eddio, e quase um em cada dez adolescentes disse ter pensado em suic\u00eddio no \u00faltimo ano. Hoje, esses indicadores pioraram. Ao contr\u00e1rio da imagem frequentemente associada ao suic\u00eddio \u2014 a de um adulto enfrentando dificuldades profissionais, financeiras ou familiares \u2014 o suic\u00eddio tamb\u00e9m afeta massivamente os jovens. Na Fran\u00e7a, ele constitui a <strong data-start=\"851\" data-end=\"901\">segunda principal causa de morte entre jovens de 15 a 24 anos<\/strong>, logo ap\u00f3s os acidentes de tr\u00e2nsito.<\/p>\n<p data-start=\"943\" data-end=\"1325\">O v\u00eddeo destaca um fen\u00f4meno ainda mais alarmante: o surgimento de comportamentos suicidas entre adolescentes cada vez mais jovens. De acordo com dados da Sa\u00fade P\u00fablica da Fran\u00e7a, o comportamento suicida entre meninas de 10 a 15 anos aumentou. <strong data-start=\"1206\" data-end=\"1226\">aumentou em 40 %<\/strong> nos \u00faltimos anos. Essa r\u00e1pida progress\u00e3o levanta quest\u00f5es e exige uma an\u00e1lise dos fatores envolvidos.<\/p>\n<p data-start=\"1327\" data-end=\"1730\">Diversas causas se combinam. A primeira diz respeito a <strong data-start=\"1382\" data-end=\"1414\">press\u00e3o escolar e social<\/strong>. As expectativas de sucesso acad\u00eamico, bem como a necessidade de se adequar aos padr\u00f5es de perfei\u00e7\u00e3o promovidos pelas redes sociais, geram um estresse intenso. Para algumas jovens mais vulner\u00e1veis, essa press\u00e3o pode se tornar insuport\u00e1vel e levar a um profundo sentimento de fracasso ou inadequa\u00e7\u00e3o.<\/p>\n<p data-start=\"1732\" data-end=\"2249\">O v\u00eddeo destaca ent\u00e3o o papel central de <strong data-start=\"1778\" data-end=\"1814\">convuls\u00f5es da adolesc\u00eancia<\/strong>. As mudan\u00e7as corporais, hormonais e emocionais s\u00e3o, por vezes, acompanhadas por uma sensa\u00e7\u00e3o de desorienta\u00e7\u00e3o. Nessa idade, tamb\u00e9m surgem os primeiros sinais de problemas de sa\u00fade mental, como ansiedade ou depress\u00e3o. No entanto, esses sinais \u2014 irritabilidade, isolamento, queda no rendimento escolar \u2014 ainda s\u00e3o, com muita frequ\u00eancia, ignorados ou interpretados como meras &quot;fases&quot;, quando, na verdade, podem ser verdadeiros pedidos de ajuda.<\/p>\n<p data-start=\"2251\" data-end=\"2597\">O ambiente familiar tamb\u00e9m desempenha um papel crucial. Conflitos parentais, viol\u00eancia, neglig\u00eancia ou falta de apoio emocional podem agravar o sofrimento psicol\u00f3gico dos adolescentes. Quando essas dificuldades s\u00e3o agravadas pelo bullying na escola ou pelo cyberbullying, a situa\u00e7\u00e3o pode rapidamente se tornar insuport\u00e1vel.<\/p>\n<p data-start=\"2599\" data-end=\"3055\">O v\u00eddeo tamb\u00e9m destaca o grande impacto de <strong data-start=\"2642\" data-end=\"2687\">confinamento relacionado \u00e0 pandemia de COVID-19<\/strong>. O isolamento social, o rompimento das rela\u00e7\u00f5es com os pares e o desaparecimento de atividades deixaram muitos jovens vulner\u00e1veis numa idade em que a intera\u00e7\u00e3o social \u00e9 essencial. As redes sociais, por vezes concebidas para compensar esse isolamento, muitas vezes exacerbaram a press\u00e3o, particularmente atrav\u00e9s da exposi\u00e7\u00e3o a modelos inating\u00edveis ou ao cyberbullying.<\/p>\n<p data-start=\"3057\" data-end=\"3367\">Al\u00e9m desses fatores, existe um problema estrutural: o <strong data-start=\"3109\" data-end=\"3154\">falta de acesso a cuidados de sa\u00fade mental<\/strong>. Muitos adolescentes n\u00e3o sabem a quem recorrer, e aqueles que pedem ajuda \u00e0s vezes se deparam com longas filas de espera e estruturas superlotadas, refor\u00e7ando seu sentimento de abandono.<\/p>\n<p data-start=\"3369\" data-end=\"3751\">Diante dessa situa\u00e7\u00e3o, o v\u00eddeo enfatiza diversas medidas preventivas. \u00c9 essencial aprender a <strong data-start=\"3473\" data-end=\"3507\">Identificar os sinais de sofrimento<\/strong> entre adolescentes e levar as mudan\u00e7as comportamentais a s\u00e9rio. O treinamento em primeiros socorros em sa\u00fade mental permite, em pouco tempo, a aquisi\u00e7\u00e3o de habilidades concretas para orientar um jovem a buscar ajuda adequada.<\/p>\n<p data-start=\"3753\" data-end=\"4197\">A prote\u00e7\u00e3o tamb\u00e9m envolve... <strong data-start=\"3787\" data-end=\"3851\">regula\u00e7\u00e3o da exposi\u00e7\u00e3o a telas e redes sociais<\/strong>, particularmente entre os mais jovens, bem como atrav\u00e9s do desenvolvimento de <strong data-start=\"3920\" data-end=\"3950\">habilidades psicossociais<\/strong>, que ajudam crian\u00e7as e adolescentes a gerir melhor as suas emo\u00e7\u00f5es e o stress. A longo prazo, o refor\u00e7o dos recursos destinados \u00e0 sa\u00fade mental dos jovens e a forma\u00e7\u00e3o de mais profissionais constituem um grande desafio de sa\u00fade p\u00fablica.<\/p>","protected":false},"excerpt":{"rendered":"<p>Cette vid\u00e9o analyse une \u00e9volution particuli\u00e8rement pr\u00e9occupante de la sant\u00e9 mentale des adolescents en France\u202f: l\u2019augmentation marqu\u00e9e des comportements suicidaires, notamment chez les plus [&hellip;]<\/p>\n","protected":false},"author":1,"featured_media":8449,"comment_status":"closed","ping_status":"closed","sticky":false,"template":"","format":"standard","meta":{"_acf_changed":false,"footnotes":""},"categories":[278,312,270],"tags":[315,314,295,289,313],"class_list":["post-8380","post","type-post","status-publish","format-standard","has-post-thumbnail","hentry","category-parentalite","category-sante","category-societe","tag-adolescents","tag-comportements-suicidaires","tag-prevention","tag-sante-mentale","tag-suicide-adolescent"],"acf":{"choi\u0441e_menu_page":"global_settings","full_width":false,"header_transparent":false,"header_white":false,"menu_align_page":"default","menu_style":""},"yoast_head":"<!-- This site is optimized with the Yoast SEO plugin v27.5 - https:\/\/yoast.com\/product\/yoast-seo-wordpress\/ -->\n<title>Explosion de suicides chez les ados\u00a0: pourquoi ? - Parentalit\u00e9, Sant\u00e9, Soci\u00e9t\u00e9 - Monsieur Pr\u00e9vention<\/title>\n<meta name=\"description\" content=\"Des r\u00e9ponses concr\u00e8tes aux enjeux de la pr\u00e9vention des violences\" \/>\n<meta name=\"robots\" content=\"index, follow, max-snippet:-1, max-image-preview:large, max-video-preview:-1\" \/>\n<link rel=\"canonical\" href=\"https:\/\/monsieur-prevention.com\/pt\/por-que-a-explosao-de-suicidios-entre-adolescentes\/\" \/>\n<meta property=\"og:locale\" content=\"pt_PT\" \/>\n<meta property=\"og:type\" content=\"article\" \/>\n<meta property=\"og:title\" content=\"Explosion de suicides chez les ados\u00a0: pourquoi ? - Parentalit\u00e9, Sant\u00e9, Soci\u00e9t\u00e9 - Monsieur Pr\u00e9vention\" \/>\n<meta property=\"og:description\" content=\"Des r\u00e9ponses concr\u00e8tes aux enjeux de la pr\u00e9vention des violences\" \/>\n<meta property=\"og:url\" content=\"https:\/\/monsieur-prevention.com\/pt\/por-que-a-explosao-de-suicidios-entre-adolescentes\/\" \/>\n<meta property=\"og:site_name\" content=\"Monsieur Pr\u00e9vention\" \/>\n<meta property=\"article:published_time\" content=\"2024-11-18T18:40:22+00:00\" \/>\n<meta property=\"article:modified_time\" content=\"2026-01-18T19:23:00+00:00\" \/>\n<meta property=\"og:image\" content=\"https:\/\/monsieur-prevention.com\/wp-content\/uploads\/2024\/11\/maxresdefault-3.jpg\" \/>\n\t<meta property=\"og:image:width\" content=\"1280\" \/>\n\t<meta property=\"og:image:height\" content=\"720\" \/>\n\t<meta property=\"og:image:type\" content=\"image\/jpeg\" \/>\n<meta name=\"author\" content=\"S\u00e9bastien Brochot\" \/>\n<meta name=\"twitter:card\" content=\"summary_large_image\" \/>\n<meta name=\"twitter:creator\" content=\"@SBrochot\" \/>\n<meta name=\"twitter:site\" content=\"@SBrochot\" \/>\n<meta name=\"twitter:label1\" content=\"Escrito por\" \/>\n\t<meta name=\"twitter:data1\" content=\"S\u00e9bastien Brochot\" \/>\n\t<meta name=\"twitter:label2\" content=\"Tempo estimado de leitura\" \/>\n\t<meta name=\"twitter:data2\" content=\"4 minutos\" \/>\n<script type=\"application\/ld+json\" class=\"yoast-schema-graph\">{\"@context\":\"https:\\\/\\\/schema.org\",\"@graph\":[{\"@type\":\"Article\",\"@id\":\"https:\\\/\\\/monsieur-prevention.com\\\/explosion-de-suicides-chez-les-ados-pourquoi\\\/#article\",\"isPartOf\":{\"@id\":\"https:\\\/\\\/monsieur-prevention.com\\\/explosion-de-suicides-chez-les-ados-pourquoi\\\/\"},\"author\":{\"name\":\"S\u00e9bastien Brochot\",\"@id\":\"https:\\\/\\\/monsieur-prevention.com\\\/#\\\/schema\\\/person\\\/a98adec1ea87e537031f136cbe7ad955\"},\"headline\":\"Explosion de suicides chez les ados\u00a0: pourquoi\u202f?\",\"datePublished\":\"2024-11-18T18:40:22+00:00\",\"dateModified\":\"2026-01-18T19:23:00+00:00\",\"mainEntityOfPage\":{\"@id\":\"https:\\\/\\\/monsieur-prevention.com\\\/explosion-de-suicides-chez-les-ados-pourquoi\\\/\"},\"wordCount\":688,\"publisher\":{\"@id\":\"https:\\\/\\\/monsieur-prevention.com\\\/#\\\/schema\\\/person\\\/a98adec1ea87e537031f136cbe7ad955\"},\"image\":{\"@id\":\"https:\\\/\\\/monsieur-prevention.com\\\/explosion-de-suicides-chez-les-ados-pourquoi\\\/#primaryimage\"},\"thumbnailUrl\":\"https:\\\/\\\/monsieur-prevention.com\\\/wp-content\\\/uploads\\\/2024\\\/11\\\/maxresdefault-3.jpg\",\"keywords\":[\"adolescents\",\"comportements suicidaires\",\"pr\u00e9vention\",\"sant\u00e9 mentale\",\"suicide adolescent\"],\"articleSection\":[\"Parentalit\u00e9\",\"Sant\u00e9\",\"Soci\u00e9t\u00e9\"],\"inLanguage\":\"pt-PT\"},{\"@type\":\"WebPage\",\"@id\":\"https:\\\/\\\/monsieur-prevention.com\\\/explosion-de-suicides-chez-les-ados-pourquoi\\\/\",\"url\":\"https:\\\/\\\/monsieur-prevention.com\\\/explosion-de-suicides-chez-les-ados-pourquoi\\\/\",\"name\":\"Explosion de suicides chez les ados\u00a0: pourquoi ? - Parentalit\u00e9, Sant\u00e9, Soci\u00e9t\u00e9 - Monsieur Pr\u00e9vention\",\"isPartOf\":{\"@id\":\"https:\\\/\\\/monsieur-prevention.com\\\/#website\"},\"primaryImageOfPage\":{\"@id\":\"https:\\\/\\\/monsieur-prevention.com\\\/explosion-de-suicides-chez-les-ados-pourquoi\\\/#primaryimage\"},\"image\":{\"@id\":\"https:\\\/\\\/monsieur-prevention.com\\\/explosion-de-suicides-chez-les-ados-pourquoi\\\/#primaryimage\"},\"thumbnailUrl\":\"https:\\\/\\\/monsieur-prevention.com\\\/wp-content\\\/uploads\\\/2024\\\/11\\\/maxresdefault-3.jpg\",\"datePublished\":\"2024-11-18T18:40:22+00:00\",\"dateModified\":\"2026-01-18T19:23:00+00:00\",\"description\":\"Des r\u00e9ponses concr\u00e8tes aux enjeux de la pr\u00e9vention des violences\",\"breadcrumb\":{\"@id\":\"https:\\\/\\\/monsieur-prevention.com\\\/explosion-de-suicides-chez-les-ados-pourquoi\\\/#breadcrumb\"},\"inLanguage\":\"pt-PT\",\"potentialAction\":[{\"@type\":\"ReadAction\",\"target\":[\"https:\\\/\\\/monsieur-prevention.com\\\/explosion-de-suicides-chez-les-ados-pourquoi\\\/\"]}]},{\"@type\":\"ImageObject\",\"inLanguage\":\"pt-PT\",\"@id\":\"https:\\\/\\\/monsieur-prevention.com\\\/explosion-de-suicides-chez-les-ados-pourquoi\\\/#primaryimage\",\"url\":\"https:\\\/\\\/monsieur-prevention.com\\\/wp-content\\\/uploads\\\/2024\\\/11\\\/maxresdefault-3.jpg\",\"contentUrl\":\"https:\\\/\\\/monsieur-prevention.com\\\/wp-content\\\/uploads\\\/2024\\\/11\\\/maxresdefault-3.jpg\",\"width\":1280,\"height\":720},{\"@type\":\"BreadcrumbList\",\"@id\":\"https:\\\/\\\/monsieur-prevention.com\\\/explosion-de-suicides-chez-les-ados-pourquoi\\\/#breadcrumb\",\"itemListElement\":[{\"@type\":\"ListItem\",\"position\":1,\"name\":\"Home\",\"item\":\"https:\\\/\\\/monsieur-prevention.com\\\/\"},{\"@type\":\"ListItem\",\"position\":2,\"name\":\"Explosion de suicides chez les ados\u00a0: pourquoi\u202f?\"}]},{\"@type\":\"WebSite\",\"@id\":\"https:\\\/\\\/monsieur-prevention.com\\\/#website\",\"url\":\"https:\\\/\\\/monsieur-prevention.com\\\/\",\"name\":\"Monsieur Pr\u00e9vention \u2013 S\u00e9bastien Brochot\",\"description\":\"Des r\u00e9ponses concr\u00e8tes aux enjeux de la pr\u00e9vention des violences\",\"publisher\":{\"@id\":\"https:\\\/\\\/monsieur-prevention.com\\\/#\\\/schema\\\/person\\\/a98adec1ea87e537031f136cbe7ad955\"},\"alternateName\":\"Sebastien Brochot\",\"potentialAction\":[{\"@type\":\"SearchAction\",\"target\":{\"@type\":\"EntryPoint\",\"urlTemplate\":\"https:\\\/\\\/monsieur-prevention.com\\\/?s={search_term_string}\"},\"query-input\":{\"@type\":\"PropertyValueSpecification\",\"valueRequired\":true,\"valueName\":\"search_term_string\"}}],\"inLanguage\":\"pt-PT\"},{\"@type\":[\"Person\",\"Organization\"],\"@id\":\"https:\\\/\\\/monsieur-prevention.com\\\/#\\\/schema\\\/person\\\/a98adec1ea87e537031f136cbe7ad955\",\"name\":\"S\u00e9bastien Brochot\",\"image\":{\"@type\":\"ImageObject\",\"inLanguage\":\"pt-PT\",\"@id\":\"https:\\\/\\\/monsieur-prevention.com\\\/wp-content\\\/uploads\\\/2026\\\/01\\\/favicon.jpg\",\"url\":\"https:\\\/\\\/monsieur-prevention.com\\\/wp-content\\\/uploads\\\/2026\\\/01\\\/favicon.jpg\",\"contentUrl\":\"https:\\\/\\\/monsieur-prevention.com\\\/wp-content\\\/uploads\\\/2026\\\/01\\\/favicon.jpg\",\"width\":1024,\"height\":1024,\"caption\":\"S\u00e9bastien Brochot\"},\"logo\":{\"@id\":\"https:\\\/\\\/monsieur-prevention.com\\\/wp-content\\\/uploads\\\/2026\\\/01\\\/favicon.jpg\"},\"description\":\"Je m'appelle S\u00e9bastien Brochot, je suis sp\u00e9cialiste en strat\u00e9gies de pr\u00e9vention des violences.\",\"sameAs\":[\"https:\\\/\\\/sebastienbrochot.com\\\/\",\"https:\\\/\\\/www.instagram.com\\\/sebastien.brochot\\\/\",\"https:\\\/\\\/www.linkedin.com\\\/in\\\/sebastienbrochot\\\/\",\"https:\\\/\\\/x.com\\\/SBrochot\",\"https:\\\/\\\/www.youtube.com\\\/@preventoriumfr\"]}]}<\/script>\n<!-- \/ Yoast SEO plugin. -->","yoast_head_json":{"title":"Explos\u00e3o de suic\u00eddios entre adolescentes: por qu\u00ea? - Educa\u00e7\u00e3o dos Filhos, Sa\u00fade, Sociedade - Sr. Preven\u00e7\u00e3o","description":"Respostas pr\u00e1ticas aos desafios da preven\u00e7\u00e3o da viol\u00eancia","robots":{"index":"index","follow":"follow","max-snippet":"max-snippet:-1","max-image-preview":"max-image-preview:large","max-video-preview":"max-video-preview:-1"},"canonical":"https:\/\/monsieur-prevention.com\/pt\/por-que-a-explosao-de-suicidios-entre-adolescentes\/","og_locale":"pt_PT","og_type":"article","og_title":"Explosion de suicides chez les ados\u00a0: pourquoi ? - Parentalit\u00e9, Sant\u00e9, Soci\u00e9t\u00e9 - Monsieur Pr\u00e9vention","og_description":"Des r\u00e9ponses concr\u00e8tes aux enjeux de la pr\u00e9vention des violences","og_url":"https:\/\/monsieur-prevention.com\/pt\/por-que-a-explosao-de-suicidios-entre-adolescentes\/","og_site_name":"Monsieur Pr\u00e9vention","article_published_time":"2024-11-18T18:40:22+00:00","article_modified_time":"2026-01-18T19:23:00+00:00","og_image":[{"width":1280,"height":720,"url":"https:\/\/monsieur-prevention.com\/wp-content\/uploads\/2024\/11\/maxresdefault-3.jpg","type":"image\/jpeg"}],"author":"S\u00e9bastien Brochot","twitter_card":"summary_large_image","twitter_creator":"@SBrochot","twitter_site":"@SBrochot","twitter_misc":{"Escrito por":"S\u00e9bastien Brochot","Tempo estimado de leitura":"4 minutos"},"schema":{"@context":"https:\/\/schema.org","@graph":[{"@type":"Article","@id":"https:\/\/monsieur-prevention.com\/explosion-de-suicides-chez-les-ados-pourquoi\/#article","isPartOf":{"@id":"https:\/\/monsieur-prevention.com\/explosion-de-suicides-chez-les-ados-pourquoi\/"},"author":{"name":"S\u00e9bastien Brochot","@id":"https:\/\/monsieur-prevention.com\/#\/schema\/person\/a98adec1ea87e537031f136cbe7ad955"},"headline":"Explosion de suicides chez les ados\u00a0: pourquoi\u202f?","datePublished":"2024-11-18T18:40:22+00:00","dateModified":"2026-01-18T19:23:00+00:00","mainEntityOfPage":{"@id":"https:\/\/monsieur-prevention.com\/explosion-de-suicides-chez-les-ados-pourquoi\/"},"wordCount":688,"publisher":{"@id":"https:\/\/monsieur-prevention.com\/#\/schema\/person\/a98adec1ea87e537031f136cbe7ad955"},"image":{"@id":"https:\/\/monsieur-prevention.com\/explosion-de-suicides-chez-les-ados-pourquoi\/#primaryimage"},"thumbnailUrl":"https:\/\/monsieur-prevention.com\/wp-content\/uploads\/2024\/11\/maxresdefault-3.jpg","keywords":["adolescents","comportements suicidaires","pr\u00e9vention","sant\u00e9 mentale","suicide adolescent"],"articleSection":["Parentalit\u00e9","Sant\u00e9","Soci\u00e9t\u00e9"],"inLanguage":"pt-PT"},{"@type":"WebPage","@id":"https:\/\/monsieur-prevention.com\/explosion-de-suicides-chez-les-ados-pourquoi\/","url":"https:\/\/monsieur-prevention.com\/explosion-de-suicides-chez-les-ados-pourquoi\/","name":"Explos\u00e3o de suic\u00eddios entre adolescentes: por qu\u00ea? - Educa\u00e7\u00e3o dos Filhos, Sa\u00fade, Sociedade - Sr. Preven\u00e7\u00e3o","isPartOf":{"@id":"https:\/\/monsieur-prevention.com\/#website"},"primaryImageOfPage":{"@id":"https:\/\/monsieur-prevention.com\/explosion-de-suicides-chez-les-ados-pourquoi\/#primaryimage"},"image":{"@id":"https:\/\/monsieur-prevention.com\/explosion-de-suicides-chez-les-ados-pourquoi\/#primaryimage"},"thumbnailUrl":"https:\/\/monsieur-prevention.com\/wp-content\/uploads\/2024\/11\/maxresdefault-3.jpg","datePublished":"2024-11-18T18:40:22+00:00","dateModified":"2026-01-18T19:23:00+00:00","description":"Respostas pr\u00e1ticas aos desafios da preven\u00e7\u00e3o da viol\u00eancia","breadcrumb":{"@id":"https:\/\/monsieur-prevention.com\/explosion-de-suicides-chez-les-ados-pourquoi\/#breadcrumb"},"inLanguage":"pt-PT","potentialAction":[{"@type":"ReadAction","target":["https:\/\/monsieur-prevention.com\/explosion-de-suicides-chez-les-ados-pourquoi\/"]}]},{"@type":"ImageObject","inLanguage":"pt-PT","@id":"https:\/\/monsieur-prevention.com\/explosion-de-suicides-chez-les-ados-pourquoi\/#primaryimage","url":"https:\/\/monsieur-prevention.com\/wp-content\/uploads\/2024\/11\/maxresdefault-3.jpg","contentUrl":"https:\/\/monsieur-prevention.com\/wp-content\/uploads\/2024\/11\/maxresdefault-3.jpg","width":1280,"height":720},{"@type":"BreadcrumbList","@id":"https:\/\/monsieur-prevention.com\/explosion-de-suicides-chez-les-ados-pourquoi\/#breadcrumb","itemListElement":[{"@type":"ListItem","position":1,"name":"Home","item":"https:\/\/monsieur-prevention.com\/"},{"@type":"ListItem","position":2,"name":"Explosion de suicides chez les ados\u00a0: pourquoi\u202f?"}]},{"@type":"WebSite","@id":"https:\/\/monsieur-prevention.com\/#website","url":"https:\/\/monsieur-prevention.com\/","name":"Sr. Preven\u00e7\u00e3o - S\u00e9bastien Brochot","description":"Respostas pr\u00e1ticas aos desafios da preven\u00e7\u00e3o da viol\u00eancia","publisher":{"@id":"https:\/\/monsieur-prevention.com\/#\/schema\/person\/a98adec1ea87e537031f136cbe7ad955"},"alternateName":"Sebastien Brochot","potentialAction":[{"@type":"SearchAction","target":{"@type":"EntryPoint","urlTemplate":"https:\/\/monsieur-prevention.com\/?s={search_term_string}"},"query-input":{"@type":"PropertyValueSpecification","valueRequired":true,"valueName":"search_term_string"}}],"inLanguage":"pt-PT"},{"@type":["Person","Organization"],"@id":"https:\/\/monsieur-prevention.com\/#\/schema\/person\/a98adec1ea87e537031f136cbe7ad955","name":"S\u00e9bastien Brochot","image":{"@type":"ImageObject","inLanguage":"pt-PT","@id":"https:\/\/monsieur-prevention.com\/wp-content\/uploads\/2026\/01\/favicon.jpg","url":"https:\/\/monsieur-prevention.com\/wp-content\/uploads\/2026\/01\/favicon.jpg","contentUrl":"https:\/\/monsieur-prevention.com\/wp-content\/uploads\/2026\/01\/favicon.jpg","width":1024,"height":1024,"caption":"S\u00e9bastien Brochot"},"logo":{"@id":"https:\/\/monsieur-prevention.com\/wp-content\/uploads\/2026\/01\/favicon.jpg"},"description":"O meu nome \u00e9 S\u00e9bastien Brochot e sou especialista em estrat\u00e9gias de preven\u00e7\u00e3o da viol\u00eancia.","sameAs":["https:\/\/sebastienbrochot.com\/","https:\/\/www.instagram.com\/sebastien.brochot\/","https:\/\/www.linkedin.com\/in\/sebastienbrochot\/","https:\/\/x.com\/SBrochot","https:\/\/www.youtube.com\/@preventoriumfr"]}]}},"_links":{"self":[{"href":"https:\/\/monsieur-prevention.com\/pt\/wp-json\/wp\/v2\/posts\/8380","targetHints":{"allow":["GET"]}}],"collection":[{"href":"https:\/\/monsieur-prevention.com\/pt\/wp-json\/wp\/v2\/posts"}],"about":[{"href":"https:\/\/monsieur-prevention.com\/pt\/wp-json\/wp\/v2\/types\/post"}],"author":[{"embeddable":true,"href":"https:\/\/monsieur-prevention.com\/pt\/wp-json\/wp\/v2\/users\/1"}],"replies":[{"embeddable":true,"href":"https:\/\/monsieur-prevention.com\/pt\/wp-json\/wp\/v2\/comments?post=8380"}],"version-history":[{"count":1,"href":"https:\/\/monsieur-prevention.com\/pt\/wp-json\/wp\/v2\/posts\/8380\/revisions"}],"predecessor-version":[{"id":8381,"href":"https:\/\/monsieur-prevention.com\/pt\/wp-json\/wp\/v2\/posts\/8380\/revisions\/8381"}],"wp:featuredmedia":[{"embeddable":true,"href":"https:\/\/monsieur-prevention.com\/pt\/wp-json\/wp\/v2\/media\/8449"}],"wp:attachment":[{"href":"https:\/\/monsieur-prevention.com\/pt\/wp-json\/wp\/v2\/media?parent=8380"}],"wp:term":[{"taxonomy":"category","embeddable":true,"href":"https:\/\/monsieur-prevention.com\/pt\/wp-json\/wp\/v2\/categories?post=8380"},{"taxonomy":"post_tag","embeddable":true,"href":"https:\/\/monsieur-prevention.com\/pt\/wp-json\/wp\/v2\/tags?post=8380"}],"curies":[{"name":"wp","href":"https:\/\/api.w.org\/{rel}","templated":true}]}}