{"id":8416,"date":"2025-12-02T19:03:32","date_gmt":"2025-12-02T19:03:32","guid":{"rendered":"https:\/\/monsieur-prevention.com\/?p=8416"},"modified":"2026-01-18T19:29:25","modified_gmt":"2026-01-18T19:29:25","slug":"autodefesa-emocional-uma-ferramenta-de-prevencao","status":"publish","type":"post","link":"https:\/\/monsieur-prevention.com\/pt\/lautodefense-emotionnelle-un-outil-de-prevention\/","title":{"rendered":"A autodefesa emocional: um instrumento de preven\u00e7\u00e3o?"},"content":{"rendered":"<p data-start=\"73\" data-end=\"439\">Este v\u00eddeo explora a autodefesa emocional como uma ferramenta fundamental para a preven\u00e7\u00e3o da viol\u00eancia, especialmente na primeira inf\u00e2ncia. Ele demonstra que as habilidades emocionais podem ser desenvolvidas muito cedo, j\u00e1 na pr\u00e9-escola, bem antes da adolesc\u00eancia, contrariando a cren\u00e7a comum que restringe essas habilidades a idades mais avan\u00e7adas.<\/p>\n<p data-start=\"441\" data-end=\"942\">A autodefesa emocional envolve ensinar crian\u00e7as e adolescentes a reconhecerem suas emo\u00e7\u00f5es, express\u00e1-las com palavras em vez de a\u00e7\u00f5es violentas, estabelecer limites claros e respeitar os limites dos outros. Por meio de exemplos concretos adaptados a cada faixa et\u00e1ria \u2014 desde verbalizar a raiva em crian\u00e7as pequenas at\u00e9 lidar com a press\u00e3o social na adolesc\u00eancia \u2014 o v\u00eddeo demonstra como essas habilidades podem ser desenvolvidas progressivamente e de forma estruturada.<\/p>\n<p data-start=\"944\" data-end=\"1392\">Esses processos de aprendizagem baseiam-se no desenvolvimento de habilidades psicossociais: autoconhecimento, regula\u00e7\u00e3o emocional, empatia, comunica\u00e7\u00e3o e resolu\u00e7\u00e3o de conflitos. Pesquisas internacionais e programas cientificamente avaliados, como o FRIENDS e o Treinamento de Substitui\u00e7\u00e3o da Agress\u00e3o, demonstram que essas abordagens reduzem o comportamento agressivo, melhoram o gerenciamento emocional e fortalecem as habilidades interpessoais.<\/p>\n<p data-start=\"1394\" data-end=\"1869\">O v\u00eddeo enfatiza que a autodefesa emocional n\u00e3o se limita a exerc\u00edcios ocasionais de relaxamento, mas \u00e9 uma habilidade essencial para a vida, que deve ser integrada ao longo do tempo, na escola, com adultos capacitados e com o apoio da fam\u00edlia. Ao aprenderem desde cedo a identificar o sofrimento e a responder adequadamente, as crian\u00e7as desenvolvem uma verdadeira prote\u00e7\u00e3o emocional contra a viol\u00eancia, ben\u00e9fica tanto para elas mesmas quanto para a sociedade.<\/p>","protected":false},"excerpt":{"rendered":"<p>Cette vid\u00e9o explore l\u2019autod\u00e9fense \u00e9motionnelle comme levier essentiel de pr\u00e9vention des violences, en particulier d\u00e8s la petite enfance. Elle montre que les premi\u00e8res comp\u00e9tences [&hellip;]<\/p>\n","protected":false},"author":1,"featured_media":8465,"comment_status":"closed","ping_status":"closed","sticky":false,"template":"","format":"standard","meta":{"_acf_changed":false,"footnotes":""},"categories":[282,277],"tags":[373,287,376,375,374,288],"class_list":["post-8416","post","type-post","status-publish","format-standard","has-post-thumbnail","hentry","category-aide-et-soutien","category-pedagogie","tag-autodefense-emotionnelle","tag-competences-psychosociales","tag-education","tag-enfance","tag-intelligence-emotionnelle","tag-prevention-des-violences"],"acf":{"choi\u0441e_menu_page":"global_settings","full_width":false,"header_transparent":false,"header_white":false,"menu_align_page":"default","menu_style":""},"yoast_head":"<!-- This site is optimized with the Yoast SEO plugin v27.5 - https:\/\/yoast.com\/product\/yoast-seo-wordpress\/ -->\n<title>L\u2019autod\u00e9fense \u00e9motionnelle : un outil de pr\u00e9vention ? - Aide et soutien, P\u00e9dagogie - Monsieur Pr\u00e9vention<\/title>\n<meta name=\"description\" content=\"Des r\u00e9ponses concr\u00e8tes aux enjeux de la pr\u00e9vention des violences\" \/>\n<meta name=\"robots\" content=\"index, follow, max-snippet:-1, max-image-preview:large, max-video-preview:-1\" \/>\n<link rel=\"canonical\" href=\"https:\/\/monsieur-prevention.com\/pt\/autodefesa-emocional-uma-ferramenta-de-prevencao\/\" \/>\n<meta property=\"og:locale\" content=\"pt_PT\" \/>\n<meta property=\"og:type\" content=\"article\" \/>\n<meta property=\"og:title\" content=\"L\u2019autod\u00e9fense \u00e9motionnelle : un outil de pr\u00e9vention ? - Aide et soutien, P\u00e9dagogie - Monsieur Pr\u00e9vention\" \/>\n<meta property=\"og:description\" content=\"Des r\u00e9ponses concr\u00e8tes aux enjeux de la pr\u00e9vention des violences\" \/>\n<meta property=\"og:url\" content=\"https:\/\/monsieur-prevention.com\/pt\/autodefesa-emocional-uma-ferramenta-de-prevencao\/\" \/>\n<meta property=\"og:site_name\" content=\"Monsieur Pr\u00e9vention\" \/>\n<meta property=\"article:published_time\" content=\"2025-12-02T19:03:32+00:00\" \/>\n<meta property=\"article:modified_time\" content=\"2026-01-18T19:29:25+00:00\" \/>\n<meta property=\"og:image\" content=\"https:\/\/monsieur-prevention.com\/wp-content\/uploads\/2025\/12\/maxresdefault.jpg\" \/>\n\t<meta property=\"og:image:width\" content=\"1280\" \/>\n\t<meta property=\"og:image:height\" content=\"720\" \/>\n\t<meta property=\"og:image:type\" content=\"image\/jpeg\" \/>\n<meta name=\"author\" content=\"S\u00e9bastien Brochot\" \/>\n<meta name=\"twitter:card\" content=\"summary_large_image\" \/>\n<meta name=\"twitter:creator\" content=\"@SBrochot\" \/>\n<meta name=\"twitter:site\" content=\"@SBrochot\" \/>\n<meta name=\"twitter:label1\" content=\"Escrito por\" \/>\n\t<meta name=\"twitter:data1\" content=\"S\u00e9bastien Brochot\" \/>\n\t<meta name=\"twitter:label2\" content=\"Tempo estimado de leitura\" \/>\n\t<meta name=\"twitter:data2\" content=\"2 minutos\" \/>\n<script type=\"application\/ld+json\" class=\"yoast-schema-graph\">{\"@context\":\"https:\\\/\\\/schema.org\",\"@graph\":[{\"@type\":\"Article\",\"@id\":\"https:\\\/\\\/monsieur-prevention.com\\\/lautodefense-emotionnelle-un-outil-de-prevention\\\/#article\",\"isPartOf\":{\"@id\":\"https:\\\/\\\/monsieur-prevention.com\\\/lautodefense-emotionnelle-un-outil-de-prevention\\\/\"},\"author\":{\"name\":\"S\u00e9bastien Brochot\",\"@id\":\"https:\\\/\\\/monsieur-prevention.com\\\/#\\\/schema\\\/person\\\/a98adec1ea87e537031f136cbe7ad955\"},\"headline\":\"L\u2019autod\u00e9fense \u00e9motionnelle\u202f: un outil de pr\u00e9vention\u202f?\",\"datePublished\":\"2025-12-02T19:03:32+00:00\",\"dateModified\":\"2026-01-18T19:29:25+00:00\",\"mainEntityOfPage\":{\"@id\":\"https:\\\/\\\/monsieur-prevention.com\\\/lautodefense-emotionnelle-un-outil-de-prevention\\\/\"},\"wordCount\":309,\"publisher\":{\"@id\":\"https:\\\/\\\/monsieur-prevention.com\\\/#\\\/schema\\\/person\\\/a98adec1ea87e537031f136cbe7ad955\"},\"image\":{\"@id\":\"https:\\\/\\\/monsieur-prevention.com\\\/lautodefense-emotionnelle-un-outil-de-prevention\\\/#primaryimage\"},\"thumbnailUrl\":\"https:\\\/\\\/monsieur-prevention.com\\\/wp-content\\\/uploads\\\/2025\\\/12\\\/maxresdefault.jpg\",\"keywords\":[\"autod\u00e9fense \u00e9motionnelle\",\"comp\u00e9tences psychosociales\",\"\u00e9ducation\",\"enfance\",\"intelligence \u00e9motionnelle\",\"pr\u00e9vention des violences\"],\"articleSection\":[\"Aide et soutien\",\"P\u00e9dagogie\"],\"inLanguage\":\"pt-PT\"},{\"@type\":\"WebPage\",\"@id\":\"https:\\\/\\\/monsieur-prevention.com\\\/lautodefense-emotionnelle-un-outil-de-prevention\\\/\",\"url\":\"https:\\\/\\\/monsieur-prevention.com\\\/lautodefense-emotionnelle-un-outil-de-prevention\\\/\",\"name\":\"L\u2019autod\u00e9fense \u00e9motionnelle : un outil de pr\u00e9vention ? - Aide et soutien, P\u00e9dagogie - Monsieur Pr\u00e9vention\",\"isPartOf\":{\"@id\":\"https:\\\/\\\/monsieur-prevention.com\\\/#website\"},\"primaryImageOfPage\":{\"@id\":\"https:\\\/\\\/monsieur-prevention.com\\\/lautodefense-emotionnelle-un-outil-de-prevention\\\/#primaryimage\"},\"image\":{\"@id\":\"https:\\\/\\\/monsieur-prevention.com\\\/lautodefense-emotionnelle-un-outil-de-prevention\\\/#primaryimage\"},\"thumbnailUrl\":\"https:\\\/\\\/monsieur-prevention.com\\\/wp-content\\\/uploads\\\/2025\\\/12\\\/maxresdefault.jpg\",\"datePublished\":\"2025-12-02T19:03:32+00:00\",\"dateModified\":\"2026-01-18T19:29:25+00:00\",\"description\":\"Des r\u00e9ponses concr\u00e8tes aux enjeux de la pr\u00e9vention des violences\",\"breadcrumb\":{\"@id\":\"https:\\\/\\\/monsieur-prevention.com\\\/lautodefense-emotionnelle-un-outil-de-prevention\\\/#breadcrumb\"},\"inLanguage\":\"pt-PT\",\"potentialAction\":[{\"@type\":\"ReadAction\",\"target\":[\"https:\\\/\\\/monsieur-prevention.com\\\/lautodefense-emotionnelle-un-outil-de-prevention\\\/\"]}]},{\"@type\":\"ImageObject\",\"inLanguage\":\"pt-PT\",\"@id\":\"https:\\\/\\\/monsieur-prevention.com\\\/lautodefense-emotionnelle-un-outil-de-prevention\\\/#primaryimage\",\"url\":\"https:\\\/\\\/monsieur-prevention.com\\\/wp-content\\\/uploads\\\/2025\\\/12\\\/maxresdefault.jpg\",\"contentUrl\":\"https:\\\/\\\/monsieur-prevention.com\\\/wp-content\\\/uploads\\\/2025\\\/12\\\/maxresdefault.jpg\",\"width\":1280,\"height\":720},{\"@type\":\"BreadcrumbList\",\"@id\":\"https:\\\/\\\/monsieur-prevention.com\\\/lautodefense-emotionnelle-un-outil-de-prevention\\\/#breadcrumb\",\"itemListElement\":[{\"@type\":\"ListItem\",\"position\":1,\"name\":\"Home\",\"item\":\"https:\\\/\\\/monsieur-prevention.com\\\/\"},{\"@type\":\"ListItem\",\"position\":2,\"name\":\"L\u2019autod\u00e9fense \u00e9motionnelle\u202f: un outil de pr\u00e9vention\u202f?\"}]},{\"@type\":\"WebSite\",\"@id\":\"https:\\\/\\\/monsieur-prevention.com\\\/#website\",\"url\":\"https:\\\/\\\/monsieur-prevention.com\\\/\",\"name\":\"Monsieur Pr\u00e9vention \u2013 S\u00e9bastien Brochot\",\"description\":\"Des r\u00e9ponses concr\u00e8tes aux enjeux de la pr\u00e9vention des violences\",\"publisher\":{\"@id\":\"https:\\\/\\\/monsieur-prevention.com\\\/#\\\/schema\\\/person\\\/a98adec1ea87e537031f136cbe7ad955\"},\"alternateName\":\"Sebastien Brochot\",\"potentialAction\":[{\"@type\":\"SearchAction\",\"target\":{\"@type\":\"EntryPoint\",\"urlTemplate\":\"https:\\\/\\\/monsieur-prevention.com\\\/?s={search_term_string}\"},\"query-input\":{\"@type\":\"PropertyValueSpecification\",\"valueRequired\":true,\"valueName\":\"search_term_string\"}}],\"inLanguage\":\"pt-PT\"},{\"@type\":[\"Person\",\"Organization\"],\"@id\":\"https:\\\/\\\/monsieur-prevention.com\\\/#\\\/schema\\\/person\\\/a98adec1ea87e537031f136cbe7ad955\",\"name\":\"S\u00e9bastien Brochot\",\"image\":{\"@type\":\"ImageObject\",\"inLanguage\":\"pt-PT\",\"@id\":\"https:\\\/\\\/monsieur-prevention.com\\\/wp-content\\\/uploads\\\/2026\\\/01\\\/favicon.jpg\",\"url\":\"https:\\\/\\\/monsieur-prevention.com\\\/wp-content\\\/uploads\\\/2026\\\/01\\\/favicon.jpg\",\"contentUrl\":\"https:\\\/\\\/monsieur-prevention.com\\\/wp-content\\\/uploads\\\/2026\\\/01\\\/favicon.jpg\",\"width\":1024,\"height\":1024,\"caption\":\"S\u00e9bastien Brochot\"},\"logo\":{\"@id\":\"https:\\\/\\\/monsieur-prevention.com\\\/wp-content\\\/uploads\\\/2026\\\/01\\\/favicon.jpg\"},\"description\":\"Je m'appelle S\u00e9bastien Brochot, je suis sp\u00e9cialiste en strat\u00e9gies de pr\u00e9vention des violences.\",\"sameAs\":[\"https:\\\/\\\/sebastienbrochot.com\\\/\",\"https:\\\/\\\/www.instagram.com\\\/sebastien.brochot\\\/\",\"https:\\\/\\\/www.linkedin.com\\\/in\\\/sebastienbrochot\\\/\",\"https:\\\/\\\/x.com\\\/SBrochot\",\"https:\\\/\\\/www.youtube.com\\\/@preventoriumfr\"]}]}<\/script>\n<!-- \/ Yoast SEO plugin. -->","yoast_head_json":{"title":"Autodefesa emocional: uma ferramenta de preven\u00e7\u00e3o? - Ajuda e apoio, Educa\u00e7\u00e3o - Sr. Preven\u00e7\u00e3o","description":"Respostas pr\u00e1ticas aos desafios da preven\u00e7\u00e3o da viol\u00eancia","robots":{"index":"index","follow":"follow","max-snippet":"max-snippet:-1","max-image-preview":"max-image-preview:large","max-video-preview":"max-video-preview:-1"},"canonical":"https:\/\/monsieur-prevention.com\/pt\/autodefesa-emocional-uma-ferramenta-de-prevencao\/","og_locale":"pt_PT","og_type":"article","og_title":"L\u2019autod\u00e9fense \u00e9motionnelle : un outil de pr\u00e9vention ? - Aide et soutien, P\u00e9dagogie - Monsieur Pr\u00e9vention","og_description":"Des r\u00e9ponses concr\u00e8tes aux enjeux de la pr\u00e9vention des violences","og_url":"https:\/\/monsieur-prevention.com\/pt\/autodefesa-emocional-uma-ferramenta-de-prevencao\/","og_site_name":"Monsieur Pr\u00e9vention","article_published_time":"2025-12-02T19:03:32+00:00","article_modified_time":"2026-01-18T19:29:25+00:00","og_image":[{"width":1280,"height":720,"url":"https:\/\/monsieur-prevention.com\/wp-content\/uploads\/2025\/12\/maxresdefault.jpg","type":"image\/jpeg"}],"author":"S\u00e9bastien Brochot","twitter_card":"summary_large_image","twitter_creator":"@SBrochot","twitter_site":"@SBrochot","twitter_misc":{"Escrito por":"S\u00e9bastien Brochot","Tempo estimado de leitura":"2 minutos"},"schema":{"@context":"https:\/\/schema.org","@graph":[{"@type":"Article","@id":"https:\/\/monsieur-prevention.com\/lautodefense-emotionnelle-un-outil-de-prevention\/#article","isPartOf":{"@id":"https:\/\/monsieur-prevention.com\/lautodefense-emotionnelle-un-outil-de-prevention\/"},"author":{"name":"S\u00e9bastien Brochot","@id":"https:\/\/monsieur-prevention.com\/#\/schema\/person\/a98adec1ea87e537031f136cbe7ad955"},"headline":"L\u2019autod\u00e9fense \u00e9motionnelle\u202f: un outil de pr\u00e9vention\u202f?","datePublished":"2025-12-02T19:03:32+00:00","dateModified":"2026-01-18T19:29:25+00:00","mainEntityOfPage":{"@id":"https:\/\/monsieur-prevention.com\/lautodefense-emotionnelle-un-outil-de-prevention\/"},"wordCount":309,"publisher":{"@id":"https:\/\/monsieur-prevention.com\/#\/schema\/person\/a98adec1ea87e537031f136cbe7ad955"},"image":{"@id":"https:\/\/monsieur-prevention.com\/lautodefense-emotionnelle-un-outil-de-prevention\/#primaryimage"},"thumbnailUrl":"https:\/\/monsieur-prevention.com\/wp-content\/uploads\/2025\/12\/maxresdefault.jpg","keywords":["autod\u00e9fense \u00e9motionnelle","comp\u00e9tences psychosociales","\u00e9ducation","enfance","intelligence \u00e9motionnelle","pr\u00e9vention des violences"],"articleSection":["Aide et soutien","P\u00e9dagogie"],"inLanguage":"pt-PT"},{"@type":"WebPage","@id":"https:\/\/monsieur-prevention.com\/lautodefense-emotionnelle-un-outil-de-prevention\/","url":"https:\/\/monsieur-prevention.com\/lautodefense-emotionnelle-un-outil-de-prevention\/","name":"Autodefesa emocional: uma ferramenta de preven\u00e7\u00e3o? - Ajuda e apoio, Educa\u00e7\u00e3o - Sr. Preven\u00e7\u00e3o","isPartOf":{"@id":"https:\/\/monsieur-prevention.com\/#website"},"primaryImageOfPage":{"@id":"https:\/\/monsieur-prevention.com\/lautodefense-emotionnelle-un-outil-de-prevention\/#primaryimage"},"image":{"@id":"https:\/\/monsieur-prevention.com\/lautodefense-emotionnelle-un-outil-de-prevention\/#primaryimage"},"thumbnailUrl":"https:\/\/monsieur-prevention.com\/wp-content\/uploads\/2025\/12\/maxresdefault.jpg","datePublished":"2025-12-02T19:03:32+00:00","dateModified":"2026-01-18T19:29:25+00:00","description":"Respostas pr\u00e1ticas aos desafios da preven\u00e7\u00e3o da viol\u00eancia","breadcrumb":{"@id":"https:\/\/monsieur-prevention.com\/lautodefense-emotionnelle-un-outil-de-prevention\/#breadcrumb"},"inLanguage":"pt-PT","potentialAction":[{"@type":"ReadAction","target":["https:\/\/monsieur-prevention.com\/lautodefense-emotionnelle-un-outil-de-prevention\/"]}]},{"@type":"ImageObject","inLanguage":"pt-PT","@id":"https:\/\/monsieur-prevention.com\/lautodefense-emotionnelle-un-outil-de-prevention\/#primaryimage","url":"https:\/\/monsieur-prevention.com\/wp-content\/uploads\/2025\/12\/maxresdefault.jpg","contentUrl":"https:\/\/monsieur-prevention.com\/wp-content\/uploads\/2025\/12\/maxresdefault.jpg","width":1280,"height":720},{"@type":"BreadcrumbList","@id":"https:\/\/monsieur-prevention.com\/lautodefense-emotionnelle-un-outil-de-prevention\/#breadcrumb","itemListElement":[{"@type":"ListItem","position":1,"name":"Home","item":"https:\/\/monsieur-prevention.com\/"},{"@type":"ListItem","position":2,"name":"L\u2019autod\u00e9fense \u00e9motionnelle\u202f: un outil de pr\u00e9vention\u202f?"}]},{"@type":"WebSite","@id":"https:\/\/monsieur-prevention.com\/#website","url":"https:\/\/monsieur-prevention.com\/","name":"Sr. Preven\u00e7\u00e3o - S\u00e9bastien Brochot","description":"Respostas pr\u00e1ticas aos desafios da preven\u00e7\u00e3o da viol\u00eancia","publisher":{"@id":"https:\/\/monsieur-prevention.com\/#\/schema\/person\/a98adec1ea87e537031f136cbe7ad955"},"alternateName":"Sebastien Brochot","potentialAction":[{"@type":"SearchAction","target":{"@type":"EntryPoint","urlTemplate":"https:\/\/monsieur-prevention.com\/?s={search_term_string}"},"query-input":{"@type":"PropertyValueSpecification","valueRequired":true,"valueName":"search_term_string"}}],"inLanguage":"pt-PT"},{"@type":["Person","Organization"],"@id":"https:\/\/monsieur-prevention.com\/#\/schema\/person\/a98adec1ea87e537031f136cbe7ad955","name":"S\u00e9bastien Brochot","image":{"@type":"ImageObject","inLanguage":"pt-PT","@id":"https:\/\/monsieur-prevention.com\/wp-content\/uploads\/2026\/01\/favicon.jpg","url":"https:\/\/monsieur-prevention.com\/wp-content\/uploads\/2026\/01\/favicon.jpg","contentUrl":"https:\/\/monsieur-prevention.com\/wp-content\/uploads\/2026\/01\/favicon.jpg","width":1024,"height":1024,"caption":"S\u00e9bastien Brochot"},"logo":{"@id":"https:\/\/monsieur-prevention.com\/wp-content\/uploads\/2026\/01\/favicon.jpg"},"description":"O meu nome \u00e9 S\u00e9bastien Brochot e sou especialista em estrat\u00e9gias de preven\u00e7\u00e3o da viol\u00eancia.","sameAs":["https:\/\/sebastienbrochot.com\/","https:\/\/www.instagram.com\/sebastien.brochot\/","https:\/\/www.linkedin.com\/in\/sebastienbrochot\/","https:\/\/x.com\/SBrochot","https:\/\/www.youtube.com\/@preventoriumfr"]}]}},"_links":{"self":[{"href":"https:\/\/monsieur-prevention.com\/pt\/wp-json\/wp\/v2\/posts\/8416","targetHints":{"allow":["GET"]}}],"collection":[{"href":"https:\/\/monsieur-prevention.com\/pt\/wp-json\/wp\/v2\/posts"}],"about":[{"href":"https:\/\/monsieur-prevention.com\/pt\/wp-json\/wp\/v2\/types\/post"}],"author":[{"embeddable":true,"href":"https:\/\/monsieur-prevention.com\/pt\/wp-json\/wp\/v2\/users\/1"}],"replies":[{"embeddable":true,"href":"https:\/\/monsieur-prevention.com\/pt\/wp-json\/wp\/v2\/comments?post=8416"}],"version-history":[{"count":1,"href":"https:\/\/monsieur-prevention.com\/pt\/wp-json\/wp\/v2\/posts\/8416\/revisions"}],"predecessor-version":[{"id":8417,"href":"https:\/\/monsieur-prevention.com\/pt\/wp-json\/wp\/v2\/posts\/8416\/revisions\/8417"}],"wp:featuredmedia":[{"embeddable":true,"href":"https:\/\/monsieur-prevention.com\/pt\/wp-json\/wp\/v2\/media\/8465"}],"wp:attachment":[{"href":"https:\/\/monsieur-prevention.com\/pt\/wp-json\/wp\/v2\/media?parent=8416"}],"wp:term":[{"taxonomy":"category","embeddable":true,"href":"https:\/\/monsieur-prevention.com\/pt\/wp-json\/wp\/v2\/categories?post=8416"},{"taxonomy":"post_tag","embeddable":true,"href":"https:\/\/monsieur-prevention.com\/pt\/wp-json\/wp\/v2\/tags?post=8416"}],"curies":[{"name":"wp","href":"https:\/\/api.w.org\/{rel}","templated":true}]}}