{"id":8420,"date":"2026-01-20T08:06:08","date_gmt":"2026-01-20T08:06:08","guid":{"rendered":"https:\/\/monsieur-prevention.com\/?p=8420"},"modified":"2026-01-18T19:35:31","modified_gmt":"2026-01-18T19:35:31","slug":"todos-os-abusadores-sexuais-foram-vitimas-de-violencia-sexual","status":"publish","type":"post","link":"https:\/\/monsieur-prevention.com\/pt\/tous-les-agresseurs-sexuels-ont-il-ete-victimes-de-violences-sexuelles\/","title":{"rendered":"Todos os abusadores sexuais foram v\u00edtimas de viol\u00eancia sexual?"},"content":{"rendered":"<p data-start=\"73\" data-end=\"361\">Este v\u00eddeo contesta uma ideia errada bastante difundida: a de que todos, ou quase todos, os autores de viol\u00eancia sexual foram eles pr\u00f3prios v\u00edtimas de viol\u00eancia sexual na inf\u00e2ncia. Dados cient\u00edficos demonstram que essa afirma\u00e7\u00e3o \u00e9, em grande parte, falsa.<\/p>\n<p data-start=\"363\" data-end=\"954\">Pesquisas, particularmente meta-an\u00e1lises internacionais, indicam que aproximadamente 70% dos autores de viol\u00eancia sexual n\u00e3o relatam ter sido v\u00edtimas de viol\u00eancia sexual na inf\u00e2ncia. Essa propor\u00e7\u00e3o permanece relativamente est\u00e1vel ao longo do tempo, apesar da evolu\u00e7\u00e3o das percep\u00e7\u00f5es sociais e do maior reconhecimento da viol\u00eancia sexual, o que refor\u00e7a a confiabilidade desses achados. Entre todos os autores condenados, aproximadamente 35% relatam ter sofrido viol\u00eancia sexual, o que significa que a maioria n\u00e3o vivenciou esse tipo espec\u00edfico de trauma.<\/p>\n<p data-start=\"956\" data-end=\"1356\">Entre os autores de abuso sexual infantil, a propor\u00e7\u00e3o de indiv\u00edduos que tamb\u00e9m foram v\u00edtimas na inf\u00e2ncia \u00e9 maior, mas permanece minorit\u00e1ria: estima-se geralmente que esteja entre 30% e 50%, dependendo dos estudos, das popula\u00e7\u00f5es estudadas e dos m\u00e9todos utilizados. Esses n\u00fameros demonstram claramente que n\u00e3o h\u00e1 uma progress\u00e3o autom\u00e1tica de v\u00edtima para agressor.<\/p>\n<p data-start=\"1358\" data-end=\"1772\">No entanto, pesquisas destacam que muitos agressores foram expostos a outras formas de viol\u00eancia na inf\u00e2ncia: abuso f\u00edsico, viol\u00eancia psicol\u00f3gica, neglig\u00eancia ou um ambiente familiar violento. Essas experi\u00eancias podem prejudicar o desenvolvimento emocional e relacional e constituir fatores de risco, sem necessariamente levar \u00e0 viol\u00eancia sexual na vida adulta.<\/p>\n<p data-start=\"1774\" data-end=\"2149\">O v\u00eddeo destaca, portanto, uma distin\u00e7\u00e3o crucial: compreender os fatores de risco n\u00e3o justifica as a\u00e7\u00f5es. Legal e moralmente, cada pessoa permanece totalmente respons\u00e1vel pelo seu comportamento. Uma inf\u00e2ncia marcada pela viol\u00eancia n\u00e3o justifica a sua repeti\u00e7\u00e3o, mas deve sensibilizar para a necessidade de medidas preventivas precoces e adequadas.<\/p>\n<p data-start=\"2151\" data-end=\"2492\">A preven\u00e7\u00e3o eficaz depende, portanto, da identifica\u00e7\u00e3o de crian\u00e7as expostas \u00e0 viol\u00eancia, do fornecimento de cuidados a elas, do apoio \u00e0s fam\u00edlias, da capacita\u00e7\u00e3o de profissionais e do desenvolvimento de habilidades psicossociais. \u00c9 intervindo precocemente, muito antes que os atos de viol\u00eancia ocorram, que podemos reduzir de forma sustent\u00e1vel a viol\u00eancia sexual.<\/p>","protected":false},"excerpt":{"rendered":"<p>Cette vid\u00e9o s\u2019attaque \u00e0 une id\u00e9e re\u00e7ue tr\u00e8s r\u00e9pandue\u202f: celle selon laquelle tous, ou presque tous, les auteurs de violences sexuelles auraient eux-m\u00eames \u00e9t\u00e9 [&hellip;]<\/p>\n","protected":false},"author":1,"featured_media":8470,"comment_status":"closed","ping_status":"closed","sticky":false,"template":"","format":"standard","meta":{"_acf_changed":false,"footnotes":""},"categories":[275,269],"tags":[380,375,382,381,295,272],"class_list":["post-8420","post","type-post","status-publish","format-standard","has-post-thumbnail","hentry","category-auteurs-de-violences","category-victimes-de-violences","tag-agresseurs-sexuels","tag-enfance","tag-facteurs-de-risque","tag-idees-recues","tag-prevention","tag-violences-sexuelles"],"acf":{"choi\u0441e_menu_page":"global_settings","full_width":false,"header_transparent":false,"header_white":false,"menu_align_page":"default","menu_style":""},"yoast_head":"<!-- This site is optimized with the Yoast SEO plugin v27.5 - https:\/\/yoast.com\/product\/yoast-seo-wordpress\/ -->\n<title>Tous les agresseurs sexuels ont-il \u00e9t\u00e9 victimes de violences sexuelles ? - Auteurs de violences, Victimes de violences - Monsieur Pr\u00e9vention<\/title>\n<meta name=\"description\" content=\"Des r\u00e9ponses concr\u00e8tes aux enjeux de la pr\u00e9vention des violences\" \/>\n<meta name=\"robots\" content=\"index, follow, max-snippet:-1, max-image-preview:large, max-video-preview:-1\" \/>\n<link rel=\"canonical\" href=\"https:\/\/monsieur-prevention.com\/pt\/todos-os-abusadores-sexuais-foram-vitimas-de-violencia-sexual\/\" \/>\n<meta property=\"og:locale\" content=\"pt_PT\" \/>\n<meta property=\"og:type\" content=\"article\" \/>\n<meta property=\"og:title\" content=\"Tous les agresseurs sexuels ont-il \u00e9t\u00e9 victimes de violences sexuelles ? - Auteurs de violences, Victimes de violences - Monsieur Pr\u00e9vention\" \/>\n<meta property=\"og:description\" content=\"Des r\u00e9ponses concr\u00e8tes aux enjeux de la pr\u00e9vention des violences\" \/>\n<meta property=\"og:url\" content=\"https:\/\/monsieur-prevention.com\/pt\/todos-os-abusadores-sexuais-foram-vitimas-de-violencia-sexual\/\" \/>\n<meta property=\"og:site_name\" content=\"Monsieur Pr\u00e9vention\" \/>\n<meta property=\"article:published_time\" content=\"2026-01-20T08:06:08+00:00\" \/>\n<meta property=\"og:image\" content=\"https:\/\/monsieur-prevention.com\/wp-content\/uploads\/2026\/01\/auteursvictimes.jpg\" \/>\n\t<meta property=\"og:image:width\" content=\"2000\" \/>\n\t<meta property=\"og:image:height\" content=\"1125\" \/>\n\t<meta property=\"og:image:type\" content=\"image\/jpeg\" \/>\n<meta name=\"author\" content=\"S\u00e9bastien Brochot\" \/>\n<meta name=\"twitter:card\" content=\"summary_large_image\" \/>\n<meta name=\"twitter:creator\" content=\"@SBrochot\" \/>\n<meta name=\"twitter:site\" content=\"@SBrochot\" \/>\n<meta name=\"twitter:label1\" content=\"Escrito por\" \/>\n\t<meta name=\"twitter:data1\" content=\"S\u00e9bastien Brochot\" \/>\n\t<meta name=\"twitter:label2\" content=\"Tempo estimado de leitura\" \/>\n\t<meta name=\"twitter:data2\" content=\"2 minutos\" \/>\n<script type=\"application\/ld+json\" class=\"yoast-schema-graph\">{\"@context\":\"https:\\\/\\\/schema.org\",\"@graph\":[{\"@type\":\"Article\",\"@id\":\"https:\\\/\\\/monsieur-prevention.com\\\/tous-les-agresseurs-sexuels-ont-il-ete-victimes-de-violences-sexuelles\\\/#article\",\"isPartOf\":{\"@id\":\"https:\\\/\\\/monsieur-prevention.com\\\/tous-les-agresseurs-sexuels-ont-il-ete-victimes-de-violences-sexuelles\\\/\"},\"author\":{\"name\":\"S\u00e9bastien Brochot\",\"@id\":\"https:\\\/\\\/monsieur-prevention.com\\\/#\\\/schema\\\/person\\\/a98adec1ea87e537031f136cbe7ad955\"},\"headline\":\"Tous les agresseurs sexuels ont-il \u00e9t\u00e9 victimes de violences sexuelles\u202f?\",\"datePublished\":\"2026-01-20T08:06:08+00:00\",\"mainEntityOfPage\":{\"@id\":\"https:\\\/\\\/monsieur-prevention.com\\\/tous-les-agresseurs-sexuels-ont-il-ete-victimes-de-violences-sexuelles\\\/\"},\"wordCount\":399,\"publisher\":{\"@id\":\"https:\\\/\\\/monsieur-prevention.com\\\/#\\\/schema\\\/person\\\/a98adec1ea87e537031f136cbe7ad955\"},\"image\":{\"@id\":\"https:\\\/\\\/monsieur-prevention.com\\\/tous-les-agresseurs-sexuels-ont-il-ete-victimes-de-violences-sexuelles\\\/#primaryimage\"},\"thumbnailUrl\":\"https:\\\/\\\/monsieur-prevention.com\\\/wp-content\\\/uploads\\\/2026\\\/01\\\/auteursvictimes.jpg\",\"keywords\":[\"agresseurs sexuels\",\"enfance\",\"facteurs de risque\",\"id\u00e9es re\u00e7ues\",\"pr\u00e9vention\",\"violences sexuelles\"],\"articleSection\":[\"Auteurs de violences\",\"Victimes de violences\"],\"inLanguage\":\"pt-PT\"},{\"@type\":\"WebPage\",\"@id\":\"https:\\\/\\\/monsieur-prevention.com\\\/tous-les-agresseurs-sexuels-ont-il-ete-victimes-de-violences-sexuelles\\\/\",\"url\":\"https:\\\/\\\/monsieur-prevention.com\\\/tous-les-agresseurs-sexuels-ont-il-ete-victimes-de-violences-sexuelles\\\/\",\"name\":\"Tous les agresseurs sexuels ont-il \u00e9t\u00e9 victimes de violences sexuelles ? - Auteurs de violences, Victimes de violences - Monsieur Pr\u00e9vention\",\"isPartOf\":{\"@id\":\"https:\\\/\\\/monsieur-prevention.com\\\/#website\"},\"primaryImageOfPage\":{\"@id\":\"https:\\\/\\\/monsieur-prevention.com\\\/tous-les-agresseurs-sexuels-ont-il-ete-victimes-de-violences-sexuelles\\\/#primaryimage\"},\"image\":{\"@id\":\"https:\\\/\\\/monsieur-prevention.com\\\/tous-les-agresseurs-sexuels-ont-il-ete-victimes-de-violences-sexuelles\\\/#primaryimage\"},\"thumbnailUrl\":\"https:\\\/\\\/monsieur-prevention.com\\\/wp-content\\\/uploads\\\/2026\\\/01\\\/auteursvictimes.jpg\",\"datePublished\":\"2026-01-20T08:06:08+00:00\",\"description\":\"Des r\u00e9ponses concr\u00e8tes aux enjeux de la pr\u00e9vention des violences\",\"breadcrumb\":{\"@id\":\"https:\\\/\\\/monsieur-prevention.com\\\/tous-les-agresseurs-sexuels-ont-il-ete-victimes-de-violences-sexuelles\\\/#breadcrumb\"},\"inLanguage\":\"pt-PT\",\"potentialAction\":[{\"@type\":\"ReadAction\",\"target\":[\"https:\\\/\\\/monsieur-prevention.com\\\/tous-les-agresseurs-sexuels-ont-il-ete-victimes-de-violences-sexuelles\\\/\"]}]},{\"@type\":\"ImageObject\",\"inLanguage\":\"pt-PT\",\"@id\":\"https:\\\/\\\/monsieur-prevention.com\\\/tous-les-agresseurs-sexuels-ont-il-ete-victimes-de-violences-sexuelles\\\/#primaryimage\",\"url\":\"https:\\\/\\\/monsieur-prevention.com\\\/wp-content\\\/uploads\\\/2026\\\/01\\\/auteursvictimes.jpg\",\"contentUrl\":\"https:\\\/\\\/monsieur-prevention.com\\\/wp-content\\\/uploads\\\/2026\\\/01\\\/auteursvictimes.jpg\",\"width\":2000,\"height\":1125},{\"@type\":\"BreadcrumbList\",\"@id\":\"https:\\\/\\\/monsieur-prevention.com\\\/tous-les-agresseurs-sexuels-ont-il-ete-victimes-de-violences-sexuelles\\\/#breadcrumb\",\"itemListElement\":[{\"@type\":\"ListItem\",\"position\":1,\"name\":\"Home\",\"item\":\"https:\\\/\\\/monsieur-prevention.com\\\/\"},{\"@type\":\"ListItem\",\"position\":2,\"name\":\"Tous les agresseurs sexuels ont-il \u00e9t\u00e9 victimes de violences sexuelles\u202f?\"}]},{\"@type\":\"WebSite\",\"@id\":\"https:\\\/\\\/monsieur-prevention.com\\\/#website\",\"url\":\"https:\\\/\\\/monsieur-prevention.com\\\/\",\"name\":\"Monsieur Pr\u00e9vention \u2013 S\u00e9bastien Brochot\",\"description\":\"Des r\u00e9ponses concr\u00e8tes aux enjeux de la pr\u00e9vention des violences\",\"publisher\":{\"@id\":\"https:\\\/\\\/monsieur-prevention.com\\\/#\\\/schema\\\/person\\\/a98adec1ea87e537031f136cbe7ad955\"},\"alternateName\":\"Sebastien Brochot\",\"potentialAction\":[{\"@type\":\"SearchAction\",\"target\":{\"@type\":\"EntryPoint\",\"urlTemplate\":\"https:\\\/\\\/monsieur-prevention.com\\\/?s={search_term_string}\"},\"query-input\":{\"@type\":\"PropertyValueSpecification\",\"valueRequired\":true,\"valueName\":\"search_term_string\"}}],\"inLanguage\":\"pt-PT\"},{\"@type\":[\"Person\",\"Organization\"],\"@id\":\"https:\\\/\\\/monsieur-prevention.com\\\/#\\\/schema\\\/person\\\/a98adec1ea87e537031f136cbe7ad955\",\"name\":\"S\u00e9bastien Brochot\",\"image\":{\"@type\":\"ImageObject\",\"inLanguage\":\"pt-PT\",\"@id\":\"https:\\\/\\\/monsieur-prevention.com\\\/wp-content\\\/uploads\\\/2026\\\/01\\\/favicon.jpg\",\"url\":\"https:\\\/\\\/monsieur-prevention.com\\\/wp-content\\\/uploads\\\/2026\\\/01\\\/favicon.jpg\",\"contentUrl\":\"https:\\\/\\\/monsieur-prevention.com\\\/wp-content\\\/uploads\\\/2026\\\/01\\\/favicon.jpg\",\"width\":1024,\"height\":1024,\"caption\":\"S\u00e9bastien Brochot\"},\"logo\":{\"@id\":\"https:\\\/\\\/monsieur-prevention.com\\\/wp-content\\\/uploads\\\/2026\\\/01\\\/favicon.jpg\"},\"description\":\"Je m'appelle S\u00e9bastien Brochot, je suis sp\u00e9cialiste en strat\u00e9gies de pr\u00e9vention des violences.\",\"sameAs\":[\"https:\\\/\\\/sebastienbrochot.com\\\/\",\"https:\\\/\\\/www.instagram.com\\\/sebastien.brochot\\\/\",\"https:\\\/\\\/www.linkedin.com\\\/in\\\/sebastienbrochot\\\/\",\"https:\\\/\\\/x.com\\\/SBrochot\",\"https:\\\/\\\/www.youtube.com\\\/@preventoriumfr\"]}]}<\/script>\n<!-- \/ Yoast SEO plugin. -->","yoast_head_json":{"title":"Todos os abusadores sexuais foram v\u00edtimas de viol\u00eancia sexual? - Autores da viol\u00eancia, V\u00edtimas da viol\u00eancia - Sr. Preven\u00e7\u00e3o","description":"Respostas pr\u00e1ticas aos desafios da preven\u00e7\u00e3o da viol\u00eancia","robots":{"index":"index","follow":"follow","max-snippet":"max-snippet:-1","max-image-preview":"max-image-preview:large","max-video-preview":"max-video-preview:-1"},"canonical":"https:\/\/monsieur-prevention.com\/pt\/todos-os-abusadores-sexuais-foram-vitimas-de-violencia-sexual\/","og_locale":"pt_PT","og_type":"article","og_title":"Tous les agresseurs sexuels ont-il \u00e9t\u00e9 victimes de violences sexuelles ? - Auteurs de violences, Victimes de violences - Monsieur Pr\u00e9vention","og_description":"Des r\u00e9ponses concr\u00e8tes aux enjeux de la pr\u00e9vention des violences","og_url":"https:\/\/monsieur-prevention.com\/pt\/todos-os-abusadores-sexuais-foram-vitimas-de-violencia-sexual\/","og_site_name":"Monsieur Pr\u00e9vention","article_published_time":"2026-01-20T08:06:08+00:00","og_image":[{"width":2000,"height":1125,"url":"https:\/\/monsieur-prevention.com\/wp-content\/uploads\/2026\/01\/auteursvictimes.jpg","type":"image\/jpeg"}],"author":"S\u00e9bastien Brochot","twitter_card":"summary_large_image","twitter_creator":"@SBrochot","twitter_site":"@SBrochot","twitter_misc":{"Escrito por":"S\u00e9bastien Brochot","Tempo estimado de leitura":"2 minutos"},"schema":{"@context":"https:\/\/schema.org","@graph":[{"@type":"Article","@id":"https:\/\/monsieur-prevention.com\/tous-les-agresseurs-sexuels-ont-il-ete-victimes-de-violences-sexuelles\/#article","isPartOf":{"@id":"https:\/\/monsieur-prevention.com\/tous-les-agresseurs-sexuels-ont-il-ete-victimes-de-violences-sexuelles\/"},"author":{"name":"S\u00e9bastien Brochot","@id":"https:\/\/monsieur-prevention.com\/#\/schema\/person\/a98adec1ea87e537031f136cbe7ad955"},"headline":"Tous les agresseurs sexuels ont-il \u00e9t\u00e9 victimes de violences sexuelles\u202f?","datePublished":"2026-01-20T08:06:08+00:00","mainEntityOfPage":{"@id":"https:\/\/monsieur-prevention.com\/tous-les-agresseurs-sexuels-ont-il-ete-victimes-de-violences-sexuelles\/"},"wordCount":399,"publisher":{"@id":"https:\/\/monsieur-prevention.com\/#\/schema\/person\/a98adec1ea87e537031f136cbe7ad955"},"image":{"@id":"https:\/\/monsieur-prevention.com\/tous-les-agresseurs-sexuels-ont-il-ete-victimes-de-violences-sexuelles\/#primaryimage"},"thumbnailUrl":"https:\/\/monsieur-prevention.com\/wp-content\/uploads\/2026\/01\/auteursvictimes.jpg","keywords":["agresseurs sexuels","enfance","facteurs de risque","id\u00e9es re\u00e7ues","pr\u00e9vention","violences sexuelles"],"articleSection":["Auteurs de violences","Victimes de violences"],"inLanguage":"pt-PT"},{"@type":"WebPage","@id":"https:\/\/monsieur-prevention.com\/tous-les-agresseurs-sexuels-ont-il-ete-victimes-de-violences-sexuelles\/","url":"https:\/\/monsieur-prevention.com\/tous-les-agresseurs-sexuels-ont-il-ete-victimes-de-violences-sexuelles\/","name":"Todos os abusadores sexuais foram v\u00edtimas de viol\u00eancia sexual? - Autores da viol\u00eancia, V\u00edtimas da viol\u00eancia - Sr. Preven\u00e7\u00e3o","isPartOf":{"@id":"https:\/\/monsieur-prevention.com\/#website"},"primaryImageOfPage":{"@id":"https:\/\/monsieur-prevention.com\/tous-les-agresseurs-sexuels-ont-il-ete-victimes-de-violences-sexuelles\/#primaryimage"},"image":{"@id":"https:\/\/monsieur-prevention.com\/tous-les-agresseurs-sexuels-ont-il-ete-victimes-de-violences-sexuelles\/#primaryimage"},"thumbnailUrl":"https:\/\/monsieur-prevention.com\/wp-content\/uploads\/2026\/01\/auteursvictimes.jpg","datePublished":"2026-01-20T08:06:08+00:00","description":"Respostas pr\u00e1ticas aos desafios da preven\u00e7\u00e3o da viol\u00eancia","breadcrumb":{"@id":"https:\/\/monsieur-prevention.com\/tous-les-agresseurs-sexuels-ont-il-ete-victimes-de-violences-sexuelles\/#breadcrumb"},"inLanguage":"pt-PT","potentialAction":[{"@type":"ReadAction","target":["https:\/\/monsieur-prevention.com\/tous-les-agresseurs-sexuels-ont-il-ete-victimes-de-violences-sexuelles\/"]}]},{"@type":"ImageObject","inLanguage":"pt-PT","@id":"https:\/\/monsieur-prevention.com\/tous-les-agresseurs-sexuels-ont-il-ete-victimes-de-violences-sexuelles\/#primaryimage","url":"https:\/\/monsieur-prevention.com\/wp-content\/uploads\/2026\/01\/auteursvictimes.jpg","contentUrl":"https:\/\/monsieur-prevention.com\/wp-content\/uploads\/2026\/01\/auteursvictimes.jpg","width":2000,"height":1125},{"@type":"BreadcrumbList","@id":"https:\/\/monsieur-prevention.com\/tous-les-agresseurs-sexuels-ont-il-ete-victimes-de-violences-sexuelles\/#breadcrumb","itemListElement":[{"@type":"ListItem","position":1,"name":"Home","item":"https:\/\/monsieur-prevention.com\/"},{"@type":"ListItem","position":2,"name":"Tous les agresseurs sexuels ont-il \u00e9t\u00e9 victimes de violences sexuelles\u202f?"}]},{"@type":"WebSite","@id":"https:\/\/monsieur-prevention.com\/#website","url":"https:\/\/monsieur-prevention.com\/","name":"Sr. Preven\u00e7\u00e3o - S\u00e9bastien Brochot","description":"Respostas pr\u00e1ticas aos desafios da preven\u00e7\u00e3o da viol\u00eancia","publisher":{"@id":"https:\/\/monsieur-prevention.com\/#\/schema\/person\/a98adec1ea87e537031f136cbe7ad955"},"alternateName":"Sebastien Brochot","potentialAction":[{"@type":"SearchAction","target":{"@type":"EntryPoint","urlTemplate":"https:\/\/monsieur-prevention.com\/?s={search_term_string}"},"query-input":{"@type":"PropertyValueSpecification","valueRequired":true,"valueName":"search_term_string"}}],"inLanguage":"pt-PT"},{"@type":["Person","Organization"],"@id":"https:\/\/monsieur-prevention.com\/#\/schema\/person\/a98adec1ea87e537031f136cbe7ad955","name":"S\u00e9bastien Brochot","image":{"@type":"ImageObject","inLanguage":"pt-PT","@id":"https:\/\/monsieur-prevention.com\/wp-content\/uploads\/2026\/01\/favicon.jpg","url":"https:\/\/monsieur-prevention.com\/wp-content\/uploads\/2026\/01\/favicon.jpg","contentUrl":"https:\/\/monsieur-prevention.com\/wp-content\/uploads\/2026\/01\/favicon.jpg","width":1024,"height":1024,"caption":"S\u00e9bastien Brochot"},"logo":{"@id":"https:\/\/monsieur-prevention.com\/wp-content\/uploads\/2026\/01\/favicon.jpg"},"description":"O meu nome \u00e9 S\u00e9bastien Brochot e sou especialista em estrat\u00e9gias de preven\u00e7\u00e3o da viol\u00eancia.","sameAs":["https:\/\/sebastienbrochot.com\/","https:\/\/www.instagram.com\/sebastien.brochot\/","https:\/\/www.linkedin.com\/in\/sebastienbrochot\/","https:\/\/x.com\/SBrochot","https:\/\/www.youtube.com\/@preventoriumfr"]}]}},"_links":{"self":[{"href":"https:\/\/monsieur-prevention.com\/pt\/wp-json\/wp\/v2\/posts\/8420","targetHints":{"allow":["GET"]}}],"collection":[{"href":"https:\/\/monsieur-prevention.com\/pt\/wp-json\/wp\/v2\/posts"}],"about":[{"href":"https:\/\/monsieur-prevention.com\/pt\/wp-json\/wp\/v2\/types\/post"}],"author":[{"embeddable":true,"href":"https:\/\/monsieur-prevention.com\/pt\/wp-json\/wp\/v2\/users\/1"}],"replies":[{"embeddable":true,"href":"https:\/\/monsieur-prevention.com\/pt\/wp-json\/wp\/v2\/comments?post=8420"}],"version-history":[{"count":1,"href":"https:\/\/monsieur-prevention.com\/pt\/wp-json\/wp\/v2\/posts\/8420\/revisions"}],"predecessor-version":[{"id":8421,"href":"https:\/\/monsieur-prevention.com\/pt\/wp-json\/wp\/v2\/posts\/8420\/revisions\/8421"}],"wp:featuredmedia":[{"embeddable":true,"href":"https:\/\/monsieur-prevention.com\/pt\/wp-json\/wp\/v2\/media\/8470"}],"wp:attachment":[{"href":"https:\/\/monsieur-prevention.com\/pt\/wp-json\/wp\/v2\/media?parent=8420"}],"wp:term":[{"taxonomy":"category","embeddable":true,"href":"https:\/\/monsieur-prevention.com\/pt\/wp-json\/wp\/v2\/categories?post=8420"},{"taxonomy":"post_tag","embeddable":true,"href":"https:\/\/monsieur-prevention.com\/pt\/wp-json\/wp\/v2\/tags?post=8420"}],"curies":[{"name":"wp","href":"https:\/\/api.w.org\/{rel}","templated":true}]}}