{"id":8426,"date":"2026-03-10T19:10:38","date_gmt":"2026-03-10T19:10:38","guid":{"rendered":"https:\/\/monsieur-prevention.com\/?p=8426"},"modified":"2026-01-18T19:36:00","modified_gmt":"2026-01-18T19:36:00","slug":"%e6%9c%aa%e6%88%90%e5%b9%b4%e4%ba%ba%e4%bb%8e%e5%87%a0%e5%b2%81%e8%b5%b7%e8%a6%81%e5%af%b9%e8%87%aa%e5%b7%b1%e7%9a%84%e8%a1%8c%e4%b8%ba%e6%89%bf%e6%8b%85%e5%88%91%e4%ba%8b%e8%b4%a3%e4%bb%bb%ef%bc%9f","status":"publish","type":"post","link":"https:\/\/monsieur-prevention.com\/zh\/a-partir-de-quel-age-les-mineurs-sont-ils-penalement-responsables-de-leurs-actes\/","title":{"rendered":"\u672a\u6210\u5e74\u4eba\u8fbe\u5230\u4ec0\u4e48\u5e74\u9f84\u624d\u9700\u5bf9\u5176\u884c\u4e3a\u627f\u62c5\u5211\u4e8b\u8d23\u4efb\uff1f"},"content":{"rendered":"<p data-start=\"73\" data-end=\"478\">\u8fd9\u6bb5\u89c6\u9891\u89e3\u91ca\u4e86\u6cd5\u56fd\u672a\u6210\u5e74\u4eba\u627f\u62c5\u5211\u4e8b\u8d23\u4efb\u7684\u5e74\u9f84\uff0c\u4ee5\u53ca\u201c\u8fa8\u522b\u80fd\u529b\u201d\u6982\u5ff5\u7684\u771f\u6b63\u542b\u4e49\u3002\u5b83\u63d0\u9192\u89c2\u4f17\uff0c\u6839\u636e\u300a\u5c11\u5e74\u5211\u4e8b\u53f8\u6cd5\u6cd5\u300b\uff0c\u672a\u6210\u5e74\u4eba\u4e00\u65e6\u5177\u5907\u7406\u89e3\u548c\u610f\u56fe\u5176\u884c\u4e3a\u4ee5\u53ca\u7406\u89e3\u6cd5\u5f8b\u7a0b\u5e8f\u542b\u4e49\u7684\u80fd\u529b\uff0c\u5373\u53ef\u627f\u62c5\u5211\u4e8b\u8d23\u4efb\u3002.<\/p>\n<p data-start=\"480\" data-end=\"1009\">\u6cd5\u5f8b\u89c4\u5b9a\uff0c13\u5c81\u4ee5\u4e0b\u513f\u7ae5\u63a8\u5b9a\u7f3a\u4e4f\u8fa8\u522b\u80fd\u529b\uff0c13\u5c81\u53ca\u4ee5\u4e0a\u513f\u7ae5\u63a8\u5b9a\u5177\u5907\u8fa8\u522b\u80fd\u529b\u3002\u8fd9\u610f\u5473\u7740\uff0c13\u5c81\u7684\u513f\u7ae5\u53ef\u80fd\u56e0\u72af\u7f6a\u884c\u4e3a\u88ab\u8d77\u8bc9\u548c\u5ba1\u5224\uff0c\u5e76\u53d7\u5230\u4e0e\u5176\u5e74\u9f84\u76f8\u7b26\u7684\u5904\u7f5a\uff0c\u5305\u62ec\u5728\u67d0\u4e9b\u60c5\u51b5\u4e0b\u5224\u5904\u76d1\u7981\u3002\u5bf9\u4e8e13\u5c81\u4ee5\u4e0b\u513f\u7ae5\u4ee5\u53ca10\u5c81\u53ca\u4ee5\u4e0a\u513f\u7ae5\uff0c\u6cd5\u9662\u53ef\u4ee5\u5b9e\u65bd\u6559\u80b2\u6027\u5236\u88c1\uff0c\u91cd\u70b9\u5728\u4e8e\u4fdd\u62a4\u3001\u652f\u6301\u3001\u6559\u80b2\u3001\u793e\u4f1a\u878d\u5165\u548c\u83b7\u5f97\u533b\u7597\u4fdd\u5065\u3002.<\/p>\n<p data-start=\"1011\" data-end=\"1378\">\u8be5\u89c6\u9891\u5f3a\u8c03\uff0c\u9752\u5c11\u5e74\u53f8\u6cd5\u4f9d\u8d56\u4e8e\u6559\u80b2\u548c\u5211\u4e8b\u5904\u7f5a\u4e4b\u95f4\u7684\u5e73\u8861\uff0c\u4f46\u9884\u9632\u4ecd\u7136\u662f\u6839\u672c\u95ee\u9898\u3002\u8bb8\u591a\u672a\u6210\u5e74\u4eba\uff0c\u7279\u522b\u662f\u6027\u72af\u7f6a\u8005\uff0c\u5e76\u4e0d\u4e86\u89e3\u5176\u884c\u4e3a\u7684\u8fdd\u6cd5\u6027\uff0c\u5c24\u5176\u662f\u5728\u4eb2\u5bc6\u5173\u7cfb\u548c\u6027\u65b9\u9762\u3002.<\/p>\n<p data-start=\"1380\" data-end=\"1828\">\u6700\u540e\uff0c\u5979\u5f3a\u8c03\u65e9\u671f\u6559\u80b2\u7684\u91cd\u8981\u6027\uff0c\u5305\u62ec\u6cd5\u5f8b\u3001\u793e\u4f1a\u89c4\u5219\u4ee5\u53ca\u5c0a\u91cd\u81ea\u5df1\u548c\u4ed6\u4eba\u7684\u610f\u8bc6\uff0c\u8fd9\u9700\u8981\u4ece\u5e7c\u513f\u65f6\u671f\u5c31\u5f00\u59cb\u8fdb\u884c\uff0c\u5e76\u901a\u8fc7\u9053\u5fb7\u516c\u6c11\u6559\u80b2\u3001\u60c5\u611f\u3001\u4eba\u9645\u5173\u7cfb\u548c\u6027\u751f\u6d3b\u65b9\u9762\u7684\u6559\u80b2\uff0c\u5e76\u91c7\u7528\u9002\u5408\u513f\u7ae5\u53d1\u5c55\u9636\u6bb5\u7684\u5185\u5bb9\u3002\u9884\u9632\u7684\u5173\u952e\u5728\u4e8e\u4e86\u89e3\u6cd5\u5f8b\u3001\u7406\u89e3\u6cd5\u5f8b\u7684\u5c40\u9650\u6027\uff0c\u5e76\u5728\u4efb\u4f55\u8fdd\u6cd5\u884c\u4e3a\u53d1\u751f\u4e4b\u524d\u63d0\u4f9b\u6559\u80b2\u652f\u6301\u3002.<\/p>","protected":false},"excerpt":{"rendered":"<p>Cette vid\u00e9o explique \u00e0 partir de quel \u00e2ge les mineurs sont p\u00e9nalement responsables de leurs actes en France et ce que recouvre concr\u00e8tement la [&hellip;]<\/p>\n","protected":false},"author":1,"featured_media":8468,"comment_status":"closed","ping_status":"closed","sticky":false,"template":"","format":"standard","meta":{"_acf_changed":false,"footnotes":""},"categories":[275,279,277],"tags":[391,393,332,295,362,392],"class_list":["post-8426","post","type-post","status-publish","format-standard","has-post-thumbnail","hentry","category-auteurs-de-violences","category-justice","category-pedagogie","tag-discernement","tag-education-a-la-loi","tag-justice-des-mineurs","tag-prevention","tag-responsabilite-penale-des-mineurs","tag-sanctions-educatives"],"acf":{"choi\u0441e_menu_page":"global_settings","full_width":false,"header_transparent":false,"header_white":false,"menu_align_page":"default","menu_style":""},"yoast_head":"<!-- This site is optimized with the Yoast SEO plugin v27.5 - https:\/\/yoast.com\/product\/yoast-seo-wordpress\/ -->\n<title>\u00c0 partir de quel \u00e2ge les mineurs sont-ils p\u00e9nalement responsables de leurs actes ? - Auteurs de violences, Justice, P\u00e9dagogie - Monsieur Pr\u00e9vention<\/title>\n<meta name=\"description\" content=\"Des r\u00e9ponses concr\u00e8tes aux enjeux de la pr\u00e9vention des violences\" \/>\n<meta name=\"robots\" content=\"index, follow, max-snippet:-1, max-image-preview:large, max-video-preview:-1\" \/>\n<link rel=\"canonical\" href=\"https:\/\/monsieur-prevention.com\/zh\/\u672a\u6210\u5e74\u4eba\u4ece\u51e0\u5c81\u8d77\u8981\u5bf9\u81ea\u5df1\u7684\u884c\u4e3a\u627f\u62c5\u5211\u4e8b\u8d23\u4efb\uff1f\/\" \/>\n<meta property=\"og:locale\" content=\"zh_CN\" \/>\n<meta property=\"og:type\" content=\"article\" \/>\n<meta property=\"og:title\" content=\"\u00c0 partir de quel \u00e2ge les mineurs sont-ils p\u00e9nalement responsables de leurs actes ? - Auteurs de violences, Justice, P\u00e9dagogie - Monsieur Pr\u00e9vention\" \/>\n<meta property=\"og:description\" content=\"Des r\u00e9ponses concr\u00e8tes aux enjeux de la pr\u00e9vention des violences\" \/>\n<meta property=\"og:url\" content=\"https:\/\/monsieur-prevention.com\/zh\/\u672a\u6210\u5e74\u4eba\u4ece\u51e0\u5c81\u8d77\u8981\u5bf9\u81ea\u5df1\u7684\u884c\u4e3a\u627f\u62c5\u5211\u4e8b\u8d23\u4efb\uff1f\/\" \/>\n<meta property=\"og:site_name\" content=\"Monsieur Pr\u00e9vention\" \/>\n<meta property=\"article:published_time\" content=\"2026-03-10T19:10:38+00:00\" \/>\n<meta property=\"og:image\" content=\"https:\/\/monsieur-prevention.com\/wp-content\/uploads\/2026\/01\/ageresponsabilitepenale.jpg\" \/>\n\t<meta property=\"og:image:width\" content=\"2000\" \/>\n\t<meta property=\"og:image:height\" content=\"1125\" \/>\n\t<meta property=\"og:image:type\" content=\"image\/jpeg\" \/>\n<meta name=\"author\" content=\"S\u00e9bastien Brochot\" \/>\n<meta name=\"twitter:card\" content=\"summary_large_image\" \/>\n<meta name=\"twitter:creator\" content=\"@SBrochot\" \/>\n<meta name=\"twitter:site\" content=\"@SBrochot\" \/>\n<meta name=\"twitter:label1\" content=\"\u4f5c\u8005\" \/>\n\t<meta name=\"twitter:data1\" content=\"S\u00e9bastien Brochot\" \/>\n\t<meta name=\"twitter:label2\" content=\"\u9884\u8ba1\u9605\u8bfb\u65f6\u95f4\" \/>\n\t<meta name=\"twitter:data2\" content=\"2 \u5206\" \/>\n<script type=\"application\/ld+json\" class=\"yoast-schema-graph\">{\"@context\":\"https:\\\/\\\/schema.org\",\"@graph\":[{\"@type\":\"Article\",\"@id\":\"https:\\\/\\\/monsieur-prevention.com\\\/a-partir-de-quel-age-les-mineurs-sont-ils-penalement-responsables-de-leurs-actes\\\/#article\",\"isPartOf\":{\"@id\":\"https:\\\/\\\/monsieur-prevention.com\\\/a-partir-de-quel-age-les-mineurs-sont-ils-penalement-responsables-de-leurs-actes\\\/\"},\"author\":{\"name\":\"S\u00e9bastien Brochot\",\"@id\":\"https:\\\/\\\/monsieur-prevention.com\\\/#\\\/schema\\\/person\\\/a98adec1ea87e537031f136cbe7ad955\"},\"headline\":\"\u00c0 partir de quel \u00e2ge les mineurs sont-ils p\u00e9nalement responsables de leurs actes\u202f?\",\"datePublished\":\"2026-03-10T19:10:38+00:00\",\"mainEntityOfPage\":{\"@id\":\"https:\\\/\\\/monsieur-prevention.com\\\/a-partir-de-quel-age-les-mineurs-sont-ils-penalement-responsables-de-leurs-actes\\\/\"},\"wordCount\":326,\"publisher\":{\"@id\":\"https:\\\/\\\/monsieur-prevention.com\\\/#\\\/schema\\\/person\\\/a98adec1ea87e537031f136cbe7ad955\"},\"image\":{\"@id\":\"https:\\\/\\\/monsieur-prevention.com\\\/a-partir-de-quel-age-les-mineurs-sont-ils-penalement-responsables-de-leurs-actes\\\/#primaryimage\"},\"thumbnailUrl\":\"https:\\\/\\\/monsieur-prevention.com\\\/wp-content\\\/uploads\\\/2026\\\/01\\\/ageresponsabilitepenale.jpg\",\"keywords\":[\"discernement\",\"\u00e9ducation \u00e0 la loi\",\"justice des mineurs\",\"pr\u00e9vention\",\"responsabilit\u00e9 p\u00e9nale des mineurs\",\"sanctions \u00e9ducatives\"],\"articleSection\":[\"Auteurs de violences\",\"Justice\",\"P\u00e9dagogie\"],\"inLanguage\":\"zh-Hans\"},{\"@type\":\"WebPage\",\"@id\":\"https:\\\/\\\/monsieur-prevention.com\\\/a-partir-de-quel-age-les-mineurs-sont-ils-penalement-responsables-de-leurs-actes\\\/\",\"url\":\"https:\\\/\\\/monsieur-prevention.com\\\/a-partir-de-quel-age-les-mineurs-sont-ils-penalement-responsables-de-leurs-actes\\\/\",\"name\":\"\u00c0 partir de quel \u00e2ge les mineurs sont-ils p\u00e9nalement responsables de leurs actes ? - Auteurs de violences, Justice, P\u00e9dagogie - Monsieur Pr\u00e9vention\",\"isPartOf\":{\"@id\":\"https:\\\/\\\/monsieur-prevention.com\\\/#website\"},\"primaryImageOfPage\":{\"@id\":\"https:\\\/\\\/monsieur-prevention.com\\\/a-partir-de-quel-age-les-mineurs-sont-ils-penalement-responsables-de-leurs-actes\\\/#primaryimage\"},\"image\":{\"@id\":\"https:\\\/\\\/monsieur-prevention.com\\\/a-partir-de-quel-age-les-mineurs-sont-ils-penalement-responsables-de-leurs-actes\\\/#primaryimage\"},\"thumbnailUrl\":\"https:\\\/\\\/monsieur-prevention.com\\\/wp-content\\\/uploads\\\/2026\\\/01\\\/ageresponsabilitepenale.jpg\",\"datePublished\":\"2026-03-10T19:10:38+00:00\",\"description\":\"Des r\u00e9ponses concr\u00e8tes aux enjeux de la pr\u00e9vention des violences\",\"breadcrumb\":{\"@id\":\"https:\\\/\\\/monsieur-prevention.com\\\/a-partir-de-quel-age-les-mineurs-sont-ils-penalement-responsables-de-leurs-actes\\\/#breadcrumb\"},\"inLanguage\":\"zh-Hans\",\"potentialAction\":[{\"@type\":\"ReadAction\",\"target\":[\"https:\\\/\\\/monsieur-prevention.com\\\/a-partir-de-quel-age-les-mineurs-sont-ils-penalement-responsables-de-leurs-actes\\\/\"]}]},{\"@type\":\"ImageObject\",\"inLanguage\":\"zh-Hans\",\"@id\":\"https:\\\/\\\/monsieur-prevention.com\\\/a-partir-de-quel-age-les-mineurs-sont-ils-penalement-responsables-de-leurs-actes\\\/#primaryimage\",\"url\":\"https:\\\/\\\/monsieur-prevention.com\\\/wp-content\\\/uploads\\\/2026\\\/01\\\/ageresponsabilitepenale.jpg\",\"contentUrl\":\"https:\\\/\\\/monsieur-prevention.com\\\/wp-content\\\/uploads\\\/2026\\\/01\\\/ageresponsabilitepenale.jpg\",\"width\":2000,\"height\":1125},{\"@type\":\"BreadcrumbList\",\"@id\":\"https:\\\/\\\/monsieur-prevention.com\\\/a-partir-de-quel-age-les-mineurs-sont-ils-penalement-responsables-de-leurs-actes\\\/#breadcrumb\",\"itemListElement\":[{\"@type\":\"ListItem\",\"position\":1,\"name\":\"Home\",\"item\":\"https:\\\/\\\/monsieur-prevention.com\\\/\"},{\"@type\":\"ListItem\",\"position\":2,\"name\":\"\u00c0 partir de quel \u00e2ge les mineurs sont-ils p\u00e9nalement responsables de leurs actes\u202f?\"}]},{\"@type\":\"WebSite\",\"@id\":\"https:\\\/\\\/monsieur-prevention.com\\\/#website\",\"url\":\"https:\\\/\\\/monsieur-prevention.com\\\/\",\"name\":\"Monsieur Pr\u00e9vention \u2013 S\u00e9bastien Brochot\",\"description\":\"Des r\u00e9ponses concr\u00e8tes aux enjeux de la pr\u00e9vention des violences\",\"publisher\":{\"@id\":\"https:\\\/\\\/monsieur-prevention.com\\\/#\\\/schema\\\/person\\\/a98adec1ea87e537031f136cbe7ad955\"},\"alternateName\":\"Sebastien Brochot\",\"potentialAction\":[{\"@type\":\"SearchAction\",\"target\":{\"@type\":\"EntryPoint\",\"urlTemplate\":\"https:\\\/\\\/monsieur-prevention.com\\\/?s={search_term_string}\"},\"query-input\":{\"@type\":\"PropertyValueSpecification\",\"valueRequired\":true,\"valueName\":\"search_term_string\"}}],\"inLanguage\":\"zh-Hans\"},{\"@type\":[\"Person\",\"Organization\"],\"@id\":\"https:\\\/\\\/monsieur-prevention.com\\\/#\\\/schema\\\/person\\\/a98adec1ea87e537031f136cbe7ad955\",\"name\":\"S\u00e9bastien Brochot\",\"image\":{\"@type\":\"ImageObject\",\"inLanguage\":\"zh-Hans\",\"@id\":\"https:\\\/\\\/monsieur-prevention.com\\\/wp-content\\\/uploads\\\/2026\\\/01\\\/favicon.jpg\",\"url\":\"https:\\\/\\\/monsieur-prevention.com\\\/wp-content\\\/uploads\\\/2026\\\/01\\\/favicon.jpg\",\"contentUrl\":\"https:\\\/\\\/monsieur-prevention.com\\\/wp-content\\\/uploads\\\/2026\\\/01\\\/favicon.jpg\",\"width\":1024,\"height\":1024,\"caption\":\"S\u00e9bastien Brochot\"},\"logo\":{\"@id\":\"https:\\\/\\\/monsieur-prevention.com\\\/wp-content\\\/uploads\\\/2026\\\/01\\\/favicon.jpg\"},\"description\":\"Je m'appelle S\u00e9bastien Brochot, je suis sp\u00e9cialiste en strat\u00e9gies de pr\u00e9vention des violences.\",\"sameAs\":[\"https:\\\/\\\/sebastienbrochot.com\\\/\",\"https:\\\/\\\/www.instagram.com\\\/sebastien.brochot\\\/\",\"https:\\\/\\\/www.linkedin.com\\\/in\\\/sebastienbrochot\\\/\",\"https:\\\/\\\/x.com\\\/SBrochot\",\"https:\\\/\\\/www.youtube.com\\\/@preventoriumfr\"]}]}<\/script>\n<!-- \/ Yoast SEO plugin. -->","yoast_head_json":{"title":"\u672a\u6210\u5e74\u4eba\u5728\u51e0\u5c81\u65f6\u5f00\u59cb\u5bf9\u5176\u884c\u4e3a\u627f\u62c5\u5211\u4e8b\u8d23\u4efb\uff1f\u2014\u2014\u66b4\u529b\u72af\u7f6a\u8005\u3001\u53f8\u6cd5\u3001\u6559\u80b2\u2014\u2014\u9884\u9632\u5148\u751f","description":"\u5207\u5b9e\u5e94\u5bf9\u9884\u9632\u66b4\u529b\u7684\u6311\u6218","robots":{"index":"index","follow":"follow","max-snippet":"max-snippet:-1","max-image-preview":"max-image-preview:large","max-video-preview":"max-video-preview:-1"},"canonical":"https:\/\/monsieur-prevention.com\/zh\/\u672a\u6210\u5e74\u4eba\u4ece\u51e0\u5c81\u8d77\u8981\u5bf9\u81ea\u5df1\u7684\u884c\u4e3a\u627f\u62c5\u5211\u4e8b\u8d23\u4efb\uff1f\/","og_locale":"zh_CN","og_type":"article","og_title":"\u00c0 partir de quel \u00e2ge les mineurs sont-ils p\u00e9nalement responsables de leurs actes ? - Auteurs de violences, Justice, P\u00e9dagogie - Monsieur Pr\u00e9vention","og_description":"Des r\u00e9ponses concr\u00e8tes aux enjeux de la pr\u00e9vention des violences","og_url":"https:\/\/monsieur-prevention.com\/zh\/\u672a\u6210\u5e74\u4eba\u4ece\u51e0\u5c81\u8d77\u8981\u5bf9\u81ea\u5df1\u7684\u884c\u4e3a\u627f\u62c5\u5211\u4e8b\u8d23\u4efb\uff1f\/","og_site_name":"Monsieur Pr\u00e9vention","article_published_time":"2026-03-10T19:10:38+00:00","og_image":[{"width":2000,"height":1125,"url":"https:\/\/monsieur-prevention.com\/wp-content\/uploads\/2026\/01\/ageresponsabilitepenale.jpg","type":"image\/jpeg"}],"author":"S\u00e9bastien Brochot","twitter_card":"summary_large_image","twitter_creator":"@SBrochot","twitter_site":"@SBrochot","twitter_misc":{"\u4f5c\u8005":"S\u00e9bastien Brochot","\u9884\u8ba1\u9605\u8bfb\u65f6\u95f4":"2 \u5206"},"schema":{"@context":"https:\/\/schema.org","@graph":[{"@type":"Article","@id":"https:\/\/monsieur-prevention.com\/a-partir-de-quel-age-les-mineurs-sont-ils-penalement-responsables-de-leurs-actes\/#article","isPartOf":{"@id":"https:\/\/monsieur-prevention.com\/a-partir-de-quel-age-les-mineurs-sont-ils-penalement-responsables-de-leurs-actes\/"},"author":{"name":"S\u00e9bastien Brochot","@id":"https:\/\/monsieur-prevention.com\/#\/schema\/person\/a98adec1ea87e537031f136cbe7ad955"},"headline":"\u00c0 partir de quel \u00e2ge les mineurs sont-ils p\u00e9nalement responsables de leurs actes\u202f?","datePublished":"2026-03-10T19:10:38+00:00","mainEntityOfPage":{"@id":"https:\/\/monsieur-prevention.com\/a-partir-de-quel-age-les-mineurs-sont-ils-penalement-responsables-de-leurs-actes\/"},"wordCount":326,"publisher":{"@id":"https:\/\/monsieur-prevention.com\/#\/schema\/person\/a98adec1ea87e537031f136cbe7ad955"},"image":{"@id":"https:\/\/monsieur-prevention.com\/a-partir-de-quel-age-les-mineurs-sont-ils-penalement-responsables-de-leurs-actes\/#primaryimage"},"thumbnailUrl":"https:\/\/monsieur-prevention.com\/wp-content\/uploads\/2026\/01\/ageresponsabilitepenale.jpg","keywords":["discernement","\u00e9ducation \u00e0 la loi","justice des mineurs","pr\u00e9vention","responsabilit\u00e9 p\u00e9nale des mineurs","sanctions \u00e9ducatives"],"articleSection":["Auteurs de violences","Justice","P\u00e9dagogie"],"inLanguage":"zh-Hans"},{"@type":"WebPage","@id":"https:\/\/monsieur-prevention.com\/a-partir-de-quel-age-les-mineurs-sont-ils-penalement-responsables-de-leurs-actes\/","url":"https:\/\/monsieur-prevention.com\/a-partir-de-quel-age-les-mineurs-sont-ils-penalement-responsables-de-leurs-actes\/","name":"\u672a\u6210\u5e74\u4eba\u5728\u51e0\u5c81\u65f6\u5f00\u59cb\u5bf9\u5176\u884c\u4e3a\u627f\u62c5\u5211\u4e8b\u8d23\u4efb\uff1f\u2014\u2014\u66b4\u529b\u72af\u7f6a\u8005\u3001\u53f8\u6cd5\u3001\u6559\u80b2\u2014\u2014\u9884\u9632\u5148\u751f","isPartOf":{"@id":"https:\/\/monsieur-prevention.com\/#website"},"primaryImageOfPage":{"@id":"https:\/\/monsieur-prevention.com\/a-partir-de-quel-age-les-mineurs-sont-ils-penalement-responsables-de-leurs-actes\/#primaryimage"},"image":{"@id":"https:\/\/monsieur-prevention.com\/a-partir-de-quel-age-les-mineurs-sont-ils-penalement-responsables-de-leurs-actes\/#primaryimage"},"thumbnailUrl":"https:\/\/monsieur-prevention.com\/wp-content\/uploads\/2026\/01\/ageresponsabilitepenale.jpg","datePublished":"2026-03-10T19:10:38+00:00","description":"\u5207\u5b9e\u5e94\u5bf9\u9884\u9632\u66b4\u529b\u7684\u6311\u6218","breadcrumb":{"@id":"https:\/\/monsieur-prevention.com\/a-partir-de-quel-age-les-mineurs-sont-ils-penalement-responsables-de-leurs-actes\/#breadcrumb"},"inLanguage":"zh-Hans","potentialAction":[{"@type":"ReadAction","target":["https:\/\/monsieur-prevention.com\/a-partir-de-quel-age-les-mineurs-sont-ils-penalement-responsables-de-leurs-actes\/"]}]},{"@type":"ImageObject","inLanguage":"zh-Hans","@id":"https:\/\/monsieur-prevention.com\/a-partir-de-quel-age-les-mineurs-sont-ils-penalement-responsables-de-leurs-actes\/#primaryimage","url":"https:\/\/monsieur-prevention.com\/wp-content\/uploads\/2026\/01\/ageresponsabilitepenale.jpg","contentUrl":"https:\/\/monsieur-prevention.com\/wp-content\/uploads\/2026\/01\/ageresponsabilitepenale.jpg","width":2000,"height":1125},{"@type":"BreadcrumbList","@id":"https:\/\/monsieur-prevention.com\/a-partir-de-quel-age-les-mineurs-sont-ils-penalement-responsables-de-leurs-actes\/#breadcrumb","itemListElement":[{"@type":"ListItem","position":1,"name":"Home","item":"https:\/\/monsieur-prevention.com\/"},{"@type":"ListItem","position":2,"name":"\u00c0 partir de quel \u00e2ge les mineurs sont-ils p\u00e9nalement responsables de leurs actes\u202f?"}]},{"@type":"WebSite","@id":"https:\/\/monsieur-prevention.com\/#website","url":"https:\/\/monsieur-prevention.com\/","name":"\u9884\u9632\u5148\u751f - \u585e\u5df4\u65af\u8482\u5b89-\u5e03\u7f57\u8096","description":"\u5207\u5b9e\u5e94\u5bf9\u9884\u9632\u66b4\u529b\u7684\u6311\u6218","publisher":{"@id":"https:\/\/monsieur-prevention.com\/#\/schema\/person\/a98adec1ea87e537031f136cbe7ad955"},"alternateName":"Sebastien Brochot","potentialAction":[{"@type":"SearchAction","target":{"@type":"EntryPoint","urlTemplate":"https:\/\/monsieur-prevention.com\/?s={search_term_string}"},"query-input":{"@type":"PropertyValueSpecification","valueRequired":true,"valueName":"search_term_string"}}],"inLanguage":"zh-Hans"},{"@type":["Person","Organization"],"@id":"https:\/\/monsieur-prevention.com\/#\/schema\/person\/a98adec1ea87e537031f136cbe7ad955","name":"\u585e\u5df4\u65af\u8482\u5b89-\u5e03\u7f57\u8096","image":{"@type":"ImageObject","inLanguage":"zh-Hans","@id":"https:\/\/monsieur-prevention.com\/wp-content\/uploads\/2026\/01\/favicon.jpg","url":"https:\/\/monsieur-prevention.com\/wp-content\/uploads\/2026\/01\/favicon.jpg","contentUrl":"https:\/\/monsieur-prevention.com\/wp-content\/uploads\/2026\/01\/favicon.jpg","width":1024,"height":1024,"caption":"S\u00e9bastien Brochot"},"logo":{"@id":"https:\/\/monsieur-prevention.com\/wp-content\/uploads\/2026\/01\/favicon.jpg"},"description":"\u6211\u53eb\u585e\u5df4\u65af\u8482\u5b89-\u5e03\u7f57\u8096\uff08S\u00e9bastien Brochot\uff09\uff0c\u4e13\u95e8\u7814\u7a76\u9884\u9632\u66b4\u529b\u6218\u7565\u3002.","sameAs":["https:\/\/sebastienbrochot.com\/","https:\/\/www.instagram.com\/sebastien.brochot\/","https:\/\/www.linkedin.com\/in\/sebastienbrochot\/","https:\/\/x.com\/SBrochot","https:\/\/www.youtube.com\/@preventoriumfr"]}]}},"_links":{"self":[{"href":"https:\/\/monsieur-prevention.com\/zh\/wp-json\/wp\/v2\/posts\/8426","targetHints":{"allow":["GET"]}}],"collection":[{"href":"https:\/\/monsieur-prevention.com\/zh\/wp-json\/wp\/v2\/posts"}],"about":[{"href":"https:\/\/monsieur-prevention.com\/zh\/wp-json\/wp\/v2\/types\/post"}],"author":[{"embeddable":true,"href":"https:\/\/monsieur-prevention.com\/zh\/wp-json\/wp\/v2\/users\/1"}],"replies":[{"embeddable":true,"href":"https:\/\/monsieur-prevention.com\/zh\/wp-json\/wp\/v2\/comments?post=8426"}],"version-history":[{"count":1,"href":"https:\/\/monsieur-prevention.com\/zh\/wp-json\/wp\/v2\/posts\/8426\/revisions"}],"predecessor-version":[{"id":8427,"href":"https:\/\/monsieur-prevention.com\/zh\/wp-json\/wp\/v2\/posts\/8426\/revisions\/8427"}],"wp:featuredmedia":[{"embeddable":true,"href":"https:\/\/monsieur-prevention.com\/zh\/wp-json\/wp\/v2\/media\/8468"}],"wp:attachment":[{"href":"https:\/\/monsieur-prevention.com\/zh\/wp-json\/wp\/v2\/media?parent=8426"}],"wp:term":[{"taxonomy":"category","embeddable":true,"href":"https:\/\/monsieur-prevention.com\/zh\/wp-json\/wp\/v2\/categories?post=8426"},{"taxonomy":"post_tag","embeddable":true,"href":"https:\/\/monsieur-prevention.com\/zh\/wp-json\/wp\/v2\/tags?post=8426"}],"curies":[{"name":"wp","href":"https:\/\/api.w.org\/{rel}","templated":true}]}}